{"id":1046,"date":"2020-03-09T22:31:57","date_gmt":"2020-03-09T22:31:57","guid":{"rendered":"https:\/\/www.ugocd.com\/blog\/?p=1046"},"modified":"2023-08-01T07:17:01","modified_gmt":"2023-08-01T07:17:01","slug":"la-verdad-del-coronavirus-en-francia","status":"publish","type":"post","link":"https:\/\/www.ugocd.com\/blog\/2020\/03\/09\/la-verdad-del-coronavirus-en-francia\/","title":{"rendered":"La verdad sobre el Coronavirus en Francia"},"content":{"rendered":"\n<p>El comienzo del 2020 nos anunciaba desde ya que este a\u00f1o ser\u00eda uno particular. Mientras se escuchaba en la tele sobre <strong>el \u00abcomienzo de la tercera guerra mundial\u00bb<\/strong>, desastres naturales como inundaciones, sequ\u00edas, cambios clim\u00e1ticos dram\u00e1ticos, etc. Se asomaba aun t\u00edmido el nacimiento de un nuevo virus. En este art\u00edculo les contar\u00e9 toda la verdad del coronavirus en Francia, bueno al menos desde mi perspectiva.<\/p>\n\n\n\n<p>EL COVID-19 emerg\u00eda como una enfermedad desconocida, implacable, misteriosa y altamente infecciosa. Inicio en WUHAN con 27 personas que presentaban infecciones respiratorias a causa de un virus desconocido. <strong>Actualmente hay 80651 infectados de los cuales 3097 ha fallecido.<\/strong> Sin embargo 55472 est\u00e1n recuperados. Recientemente llego a Am\u00e9rica latina, teniendo actualmente en el Per\u00fa casi 10 afectados.<\/p>\n\n\n\n<p>Aqu\u00ed, en Francia la noticia de los primeros casos se dio a finales de enero pero actualmente cuenta con <strong>1126 casos confirmados, 19 fallecidos, incluso el ministro de cultura Frank Riester ha obtenido el coronavirus. <\/strong>Todo Francia tiene potencialmente el coronavirus en su territorio.<\/p>\n\n\n\n<p>Pero en Italia donde hay 8000 casos y mas de 400 muertos se est\u00e1n tomando medidas fuertes como restringir movimientos en todo el pa\u00eds. Entonces por el momento Italia esta completamente aislada para poder contener la propagaci\u00f3n del coronavirus.<\/p>\n\n\n\n<h2 class=\"wp-block-heading\">Viaje a Paris &#8211; cuando el virus iniciaba en Francia<\/h2>\n\n\n\n<p>Justamente a inicios de febrero ten\u00eda previsto un viaje a Paris y dude un poco pues la televisi\u00f3n francesa mostraba varios reportajes sobre este nuevo misterioso virus y lo altamente contagioso que era.<\/p>\n\n\n\n<p>Sin embargo me aventur\u00e9 ir a Paris. <strong>La exposici\u00f3n de bocetos y obras que raramente se encuentran juntas de Leonardo Da Vinci en el Louvre, pudo m\u00e1s. <\/strong>Not\u00e9 que el joven que me dio las audiogu\u00edas ten\u00eda guantes, pens\u00e9 no est\u00e1 mal pues es por su propia protecci\u00f3n. Luego al d\u00eda siguiente, mientras hac\u00eda cola para ver la Mona Lisa, vi a una se\u00f1ora con facciones orientales que ten\u00eda como un pl\u00e1stico en la cara. Aquello s\u00ed me pareci\u00f3 un poco extremo, al menos que hubiese ten\u00eddo el coronavirus claro (y en ese caso mejor te quedas en casa)<\/p>\n\n\n\n<p>De regreso al hotel, en el tren hubo un momento donde unas personas asi\u00e1ticas entraron y note que una francesa se inclin\u00f3 hacia su enamorado, preocupada, y le susurro algo como \u00aball\u00ed hay unos chinos\u00bb. Me pareci\u00f3 una actitud est\u00fapida pues ni siquiera estornudaban ni nada pero imagino es com\u00fan generalizar creyendo que todos los chinos tienen el virus y m\u00e1s si lo juntamos con el racismo peor a\u00fan.<\/p>\n\n\n\n<p>El viaje de retorno a la ciudad donde actualmente vivo se di\u00f3 sin mayores contratiempos y fue bastante tranquilo. En aquel entonces reci\u00e9n comenzaba el brote del virus en Francia.<\/p>\n\n\n\n<p>Despu\u00e9s de aquel viaje las \u00faltimas semanas han ido, desde mi punto de vista, incert\u00e1ndose una especie de p\u00e1nico social. Desde la televisi\u00f3n que no para de hablar del tema en las noticias hasta en las conversaciones en el trabajo, donde usualmente es el tema central de conversaci\u00f3n. Pienso que est\u00e1 bien el informar pero he notado que es bastante extrema la menci\u00f3n de este nuevo virus.<\/p>\n\n\n\n<figure class=\"wp-block-image aligncenter size-large\"><img fetchpriority=\"high\" decoding=\"async\" width=\"1024\" height=\"416\" src=\"https:\/\/www.ugocd.com\/blog\/wp-content\/uploads\/2020\/03\/la-verdad-del-coronavirus-en-francia-pic2-1-1024x416.png\" alt=\"la verdad sobre el coronavirus\" class=\"wp-image-1437\" srcset=\"https:\/\/www.ugocd.com\/blog\/wp-content\/uploads\/2020\/03\/la-verdad-del-coronavirus-en-francia-pic2-1-1024x416.png 1024w, https:\/\/www.ugocd.com\/blog\/wp-content\/uploads\/2020\/03\/la-verdad-del-coronavirus-en-francia-pic2-1-300x122.png 300w, https:\/\/www.ugocd.com\/blog\/wp-content\/uploads\/2020\/03\/la-verdad-del-coronavirus-en-francia-pic2-1-768x312.png 768w, https:\/\/www.ugocd.com\/blog\/wp-content\/uploads\/2020\/03\/la-verdad-del-coronavirus-en-francia-pic2-1.png 1100w\" sizes=\"(max-width: 1024px) 100vw, 1024px\" \/><figcaption class=\"wp-element-caption\">La verdad sobre el coronavirus<\/figcaption><\/figure>\n\n\n\n<h2 class=\"wp-block-heading\">\u00bfP\u00e1nico social en europa por el coronavirus?<\/h2>\n\n\n\n<p>Le\u00ed en twitter que alguien en Espa\u00f1a incitaba a las autoridades a cerrar todo por dos semanas culp\u00e1ndolas de no tomar reales medidas ante este virus.<\/p>\n\n\n\n<p>Pienso que algunos franceses sienten temor m\u00e1s que nada por contagiar a personas mayores o vulnerables y otros se lo toman m\u00e1s a la ligera.<\/p>\n\n\n\n<p>Un compa\u00f1ero de trabajo sin tener s\u00edntomas fue enviado a su casa debido a que su enamorado ten\u00eda fiebre y todav\u00eda se desconoc\u00eda si era gripe o no. En ese caso pienso es una buena medida de prevenci\u00f3n y es justamente el consejo que se da. A la menor duda mejor prevenir a lamentar.<\/p>\n\n\n\n<h2 class=\"wp-block-heading\">Impacto social en Francia respecto al Coronavirus<\/h2>\n\n\n\n<p>Socialmente hay un impacto notorio, desde mi punto de vista como extranjero. Se evita darse la mano y saludarse de beso. Desde que llegu\u00e9 en Francia, not\u00e9 esa importancia que existe en la educaci\u00f3n de dar la mano o dar los dos besos en la mejilla (o hasta tres besos y entre hombres tambi\u00e9n). Hasta cuando entras a un ascensor con desconocidos, los saludos siempre est\u00e1n presentes.<\/p>\n\n\n\n<p>Ya sea para decir bonjour, bon journ\u00e9e, bon aprem, bon soir\u00e9e, bonne nuit, bon app\u00e9tit, etc etc Y aun, esto no se ha perdido, s\u00f3lo que sin contacto f\u00edsico.<\/p>\n\n\n\n<p>En donde trabajo siempre cuando alguien llegaba, pasaba sitio por sitio saludando con la mano. Hasta hace una semana, donde por medida de prevenci\u00f3n, la empresa ha prohibido los saludos f\u00edsicos. Asimismo, en caso hayamos recientemente viajado a<strong> zonas de \u00abposible contagio\u00bb tales como China, Singapour, Italia, Ir\u00e1n<\/strong>, etc debemos notificarlo y es posible hacer teletrabajo hasta estar seguros de no tener el coronavirus.<\/p>\n\n\n\n<p>Incluso en la televisi\u00f3n, en un programa que se llama \u00abC&#8217;est \u00e0 vous\u00bb, donde normalmente a los invitados se les saluda de mano o con los dos besos, se dej\u00f3 de hacerlo por esta medida de prevenci\u00f3n. <\/p>\n\n\n\n<h2 class=\"wp-block-heading\">Estado 3 &#8211; EPIDEMIA<\/h2>\n\n\n\n<p>Ciertas medidas, desde ya, han sido tomadas, pero como antes mencion\u00e9, el virus se encuentra potencialmente en todo el pa\u00eds. Es por ello que el gobierno, al parecer, pasar\u00e1 a definir a este virus como en \u00abEstado 3\u00bb.<br>Los siguientes son los <strong>3 estados de reacci\u00f3n<\/strong>:<\/p>\n\n\n\n<ul class=\"wp-block-list\">\n<li>1: Frenar la introducci\u00f3n del virus.<\/li>\n\n\n\n<li>2: Frenar la propagaci\u00f3n del virus.<\/li>\n\n\n\n<li>3: Atenuar los efectos de la EPIDEMIA.<\/li>\n<\/ul>\n\n\n\n<p>Estos estados son como etapas en respuesta a una epidemia por parte del sistema de salud. Fue creado a partir del 2011 a ra\u00edz de la gripe H1N1.<\/p>\n\n\n\n<p>En conclusi\u00f3n en este estado el virus es declarado EPIDEMIA. En este estado ya la estrategia no se basa en parar el contagio, pero contenerlo. Entonces toman medidas para no sobresaturar el sistema de salud durante un promedio de 8 a 12 semanas.<\/p>\n\n\n\n<p>Tambi\u00e9n el aumentar o potenciar al SAMU.<strong> El SAMU es el sistema nacional de Sanidad P\u00fablica para emergencia<\/strong>. Ellos recientemente en un art\u00edculo, revelan que nunca han tenido tantas llamadas de urgencia. Lo que hace pensar que actualmente se encuentran desbordados.<\/p>\n\n\n\n<p>Los casos m\u00e1s graves ser\u00e1n tratados en el hospital, los casos leves ser\u00e1n tratados en casa.<\/p>\n\n\n\n<p>Se limitar\u00e1n eventos de car\u00e1cter cultural, anulaci\u00f3n de espect\u00e1culos, eventos futbol\u00edsticos, as\u00ed como la prohibici\u00f3n de reuniones de m\u00e1s de 1000 personas.<\/p>\n\n\n\n<p>Cierre de nidos y establecimientos escolares.<\/p>\n\n\n\n<p>Existe la posibilidad de limitar la circulaci\u00f3n de ciertos medios de transporte y hacer teletrabajo. En algunos casos, desempleo parcial.<\/p>\n\n\n\n<h2 class=\"wp-block-heading\">C\u00f3mo funciona el sistema de salud con respecto al coronavirus en Francia<\/h2>\n\n\n\n<p>Afortunadamente, <strong>Francia cuenta con uno de los mejores sistemas de salud en el mundo<\/strong> (el primero en el ranking mundial de acuerdo a <a href=\"http:\/\/worldpopulationreview.com\/countries\/best-healthcare-in-the-world\/\">worldpopulationreview<\/a>) Y todo queda cubierta por el seguro social.<\/p>\n\n\n\n<p>Existe un n\u00famero al que se puede llamar ( 0800.130.000 por informaci\u00f3n y el 15 \u00fanicamente para emergencias), esto es atendido por el antes mencionado SAMU.<\/p>\n\n\n\n<p>Situaci\u00f3n que desgraciadamente no es la misma en Per\u00fa para un descarte en caso de sospecha. Vi en facebook como una mujer con c\u00e1mara escondida grababa que a pesar de pagar un alto costo por un seguro privado, estos le dec\u00edan que <strong>no cubr\u00eda el despistaje del coronavirus y que el costo de este examen era de 1700 nuevos soles.<\/strong> Su hija ten\u00eda s\u00edntomas de gripe y al parecer hab\u00eda estado en situaci\u00f3n de riesgo.<\/p>\n\n\n\n<p>De acuerdo a la plataforma de salud peruana <strong>SACATUCITA<\/strong>, la prueba para descarte del coronavirus s\u00f3lo se realiza en el Instituto Nacional de Salud, esta prueba es gratuita en caso exista un real factor de riesgo como al parece el de la hija de la mujer antes mencionada.<\/p>\n\n\n\n<h2 class=\"wp-block-heading\">Pero, \u00bfsi tengo el coronavirus voy a morir?<\/h2>\n\n\n\n<p>No seamos dram\u00e1ticos (el burro hablando de orejas XD)<\/p>\n\n\n\n<p>Actualmente<strong> la mortalidad es 10 veces m\u00e1s grave que el de la gripe y esto suena impactante. Sin embargo si la comparamos a la de la rabia (95%) y el \u00e9bola (50%) es menor<\/strong>. Muchos casos han sido controlados y actualmente se encuentran estables. Sin embargo lo que s\u00ed es particularmente alto es la propagaci\u00f3n, lo que la sit\u00faa como la m\u00e1s infecciosa de las enfermedades antes mencionadas.<\/p>\n\n\n\n<p><strong>La tasa de mortalidad del coronavirus es mayor en ancianos <\/strong>y de acuerdo al centro chino para el control y prevenci\u00f3n de las enfermedades hasta la edad de 39 a\u00f1os es de 0.2%. Por lo que cuanto m\u00e1s joven eres m\u00e1s tienes la posibilidad de recuperarte. Alguien me cont\u00f3 que hab\u00eda escuchado que hab\u00edan soltado el virus para matar a los viejitos pues estos ya no trabajan y podr\u00edan ser considerados una carga para el estado.<\/p>\n\n\n\n<p>No podr\u00eda asegurar que esto es cierto o no, existen muchas conspiraciones al respecto, incluso que <strong>lo lanz\u00f3 Trump para tumbar el mercado chino.<\/strong> Lo cierto es que el dol\u00e1r ha subido y la contaminaci\u00f3n en China a disminuido dram\u00e1ticamente en 25 % en emisiones de CO2. Esto significa globalmente una reducci\u00f3n de 6%.<\/p>\n\n\n\n<h2 class=\"wp-block-heading\">\u00bfC\u00f3mo evitar el coronavirus?<\/h2>\n\n\n\n<figure class=\"wp-block-embed is-type-video is-provider-youtube wp-block-embed-youtube wp-embed-aspect-16-9 wp-has-aspect-ratio\"><div class=\"wp-block-embed__wrapper\">\n<iframe title=\"Coronavirus: qu\u00e9 puedes hacer para protegerte y evitar el contagio\" width=\"800\" height=\"450\" src=\"https:\/\/www.youtube.com\/embed\/B_Gzc2Z7uQY?feature=oembed\" frameborder=\"0\" allow=\"accelerometer; autoplay; clipboard-write; encrypted-media; gyroscope; picture-in-picture; web-share\" allowfullscreen><\/iframe>\n<\/div><figcaption class=\"wp-element-caption\"><a href=\"https:\/\/www.bbc.com\/news\">Fuente BBC<\/a><\/figcaption><\/figure>\n\n\n\n<p>\u00bfQu\u00e9 nos espera en el mundo ahora? <strong>Pues quiz\u00e1s reflexionar sobre c\u00f3mo podemos mejorar nuestros sistemas de salud para que afronten un caso de epidemia como este.<\/strong> Por el momento creo lo importante es seguir los siguientes consejos que dan en la tele:<\/p>\n\n\n\n<ul class=\"wp-block-list\">\n<li>Lavarse las manos con agua y con jab\u00f3n<\/li>\n\n\n\n<li>Al estornudar protegerse con el brazo<\/li>\n\n\n\n<li>De tener fluidos nasales, utilizar pa\u00f1os descartables<\/li>\n\n\n\n<li>Evitar el saludo f\u00edsico<\/li>\n\n\n\n<li>En caso de estar enfermo (s\u00edntomas de resfr\u00edo o gripe) usar mascarilla<\/li>\n<\/ul>\n\n\n\n<p>Sea como sea espero pronto se pueda controlar este virus y podamos continuar con nuestras vidas normales. A cuidarse!<\/p>\n\n\n\n<p>Conmigo ser\u00e1 hasta un pr\u00f3ximo post.<\/p>\n\n\n\n<p>\u00c0 bient\u00f4t,<\/p>\n\n\n\n<p> <strong>Ugo CD<\/strong><br><a href=\"https:\/\/www.ugocd.com\/\">Dise\u00f1ador gr\u00e1fico freelance<\/a> <\/p>\n","protected":false},"excerpt":{"rendered":"<p>El comienzo del 2020 nos anunciaba desde ya que este a\u00f1o ser\u00eda uno particular. Mientras se escuchaba en la tele sobre el \u00abcomienzo de la tercera guerra mundial\u00bb, desastres naturales como inundaciones, sequ\u00edas, cambios clim\u00e1ticos dram\u00e1ticos, etc. Se asomaba aun t\u00edmido el nacimiento de un nuevo virus. En este art\u00edculo les contar\u00e9 toda la verdad [&hellip;]<\/p>\n","protected":false},"author":1,"featured_media":1102,"comment_status":"open","ping_status":"closed","sticky":false,"template":"","format":"standard","meta":{"jetpack_post_was_ever_published":false,"_jetpack_newsletter_access":"","_jetpack_dont_email_post_to_subs":false,"_jetpack_newsletter_tier_id":0,"_jetpack_memberships_contains_paywalled_content":false,"_jetpack_memberships_contains_paid_content":false,"footnotes":""},"categories":[9],"tags":[75,39],"class_list":["post-1046","post","type-post","status-publish","format-standard","has-post-thumbnail","hentry","category-vida_en_francia","tag-coronavirus-en-francia","tag-peru-francia"],"yoast_head":"<!-- This site is optimized with the Yoast SEO plugin v24.2 - https:\/\/yoast.com\/wordpress\/plugins\/seo\/ -->\n<title>Toda la verdad sobre el CORONAVIRUS en Francia<\/title>\n<meta name=\"description\" content=\"En este art\u00edculo les contar\u00e9 toda la verdad del coronavirus en Francia, desde mi punto de vista claro como espectador en el pa\u00eds del buen queso y vino.\" \/>\n<meta name=\"robots\" content=\"index, follow, max-snippet:-1, max-image-preview:large, max-video-preview:-1\" \/>\n<link rel=\"canonical\" href=\"https:\/\/www.ugocd.com\/blog\/2020\/03\/09\/la-verdad-del-coronavirus-en-francia\/\" \/>\n<meta property=\"og:locale\" content=\"es_ES\" \/>\n<meta property=\"og:type\" content=\"article\" \/>\n<meta property=\"og:title\" content=\"Toda la verdad sobre el CORONAVIRUS en Francia\" \/>\n<meta property=\"og:description\" content=\"En este art\u00edculo les contar\u00e9 toda la verdad del coronavirus en Francia, desde mi punto de vista claro como espectador en el pa\u00eds del buen queso y vino.\" \/>\n<meta property=\"og:url\" content=\"https:\/\/www.ugocd.com\/blog\/2020\/03\/09\/la-verdad-del-coronavirus-en-francia\/\" \/>\n<meta property=\"og:site_name\" content=\"Ugo CD Blog | Diario de un pseudoartista\" \/>\n<meta property=\"article:published_time\" content=\"2020-03-09T22:31:57+00:00\" \/>\n<meta property=\"article:modified_time\" content=\"2023-08-01T07:17:01+00:00\" \/>\n<meta property=\"og:image\" content=\"https:\/\/www.ugocd.com\/blog\/wp-content\/uploads\/2020\/03\/la-verdad-del-coronavirus-en-francia.png\" \/>\n\t<meta property=\"og:image:width\" content=\"1100\" \/>\n\t<meta property=\"og:image:height\" content=\"447\" \/>\n\t<meta property=\"og:image:type\" content=\"image\/png\" \/>\n<meta name=\"author\" content=\"Ugo CD\" \/>\n<meta name=\"twitter:card\" content=\"summary_large_image\" \/>\n<meta name=\"twitter:image\" content=\"https:\/\/www.ugocd.com\/blog\/wp-content\/uploads\/2020\/03\/la-verdad-del-coronavirus-en-francia.png\" \/>\n<meta name=\"twitter:label1\" content=\"Written by\" \/>\n\t<meta name=\"twitter:data1\" content=\"Ugo CD\" \/>\n\t<meta name=\"twitter:label2\" content=\"Est. reading time\" \/>\n\t<meta name=\"twitter:data2\" content=\"8 minutos\" \/>\n<script type=\"application\/ld+json\" class=\"yoast-schema-graph\">{\"@context\":\"https:\/\/schema.org\",\"@graph\":[{\"@type\":\"Article\",\"@id\":\"https:\/\/www.ugocd.com\/blog\/2020\/03\/09\/la-verdad-del-coronavirus-en-francia\/#article\",\"isPartOf\":{\"@id\":\"https:\/\/www.ugocd.com\/blog\/2020\/03\/09\/la-verdad-del-coronavirus-en-francia\/\"},\"author\":{\"name\":\"Ugo CD\",\"@id\":\"https:\/\/www.ugocd.com\/blog\/#\/schema\/person\/90fa66a6432cc5ba1f2493479c15fa89\"},\"headline\":\"La verdad sobre el Coronavirus en Francia\",\"datePublished\":\"2020-03-09T22:31:57+00:00\",\"dateModified\":\"2023-08-01T07:17:01+00:00\",\"mainEntityOfPage\":{\"@id\":\"https:\/\/www.ugocd.com\/blog\/2020\/03\/09\/la-verdad-del-coronavirus-en-francia\/\"},\"wordCount\":1711,\"commentCount\":0,\"publisher\":{\"@id\":\"https:\/\/www.ugocd.com\/blog\/#\/schema\/person\/90fa66a6432cc5ba1f2493479c15fa89\"},\"image\":{\"@id\":\"https:\/\/www.ugocd.com\/blog\/2020\/03\/09\/la-verdad-del-coronavirus-en-francia\/#primaryimage\"},\"thumbnailUrl\":\"https:\/\/www.ugocd.com\/blog\/wp-content\/uploads\/2020\/03\/la-verdad-del-coronavirus-en-francia.png\",\"keywords\":[\"coronavirus en francia\",\"peru francia\"],\"articleSection\":[\"Francia\"],\"inLanguage\":\"es-PE\",\"potentialAction\":[{\"@type\":\"CommentAction\",\"name\":\"Comment\",\"target\":[\"https:\/\/www.ugocd.com\/blog\/2020\/03\/09\/la-verdad-del-coronavirus-en-francia\/#respond\"]}]},{\"@type\":\"WebPage\",\"@id\":\"https:\/\/www.ugocd.com\/blog\/2020\/03\/09\/la-verdad-del-coronavirus-en-francia\/\",\"url\":\"https:\/\/www.ugocd.com\/blog\/2020\/03\/09\/la-verdad-del-coronavirus-en-francia\/\",\"name\":\"Toda la verdad sobre el CORONAVIRUS en Francia\",\"isPartOf\":{\"@id\":\"https:\/\/www.ugocd.com\/blog\/#website\"},\"primaryImageOfPage\":{\"@id\":\"https:\/\/www.ugocd.com\/blog\/2020\/03\/09\/la-verdad-del-coronavirus-en-francia\/#primaryimage\"},\"image\":{\"@id\":\"https:\/\/www.ugocd.com\/blog\/2020\/03\/09\/la-verdad-del-coronavirus-en-francia\/#primaryimage\"},\"thumbnailUrl\":\"https:\/\/www.ugocd.com\/blog\/wp-content\/uploads\/2020\/03\/la-verdad-del-coronavirus-en-francia.png\",\"datePublished\":\"2020-03-09T22:31:57+00:00\",\"dateModified\":\"2023-08-01T07:17:01+00:00\",\"description\":\"En este art\u00edculo les contar\u00e9 toda la verdad del coronavirus en Francia, desde mi punto de vista claro como espectador en el pa\u00eds del buen queso y vino.\",\"breadcrumb\":{\"@id\":\"https:\/\/www.ugocd.com\/blog\/2020\/03\/09\/la-verdad-del-coronavirus-en-francia\/#breadcrumb\"},\"inLanguage\":\"es-PE\",\"potentialAction\":[{\"@type\":\"ReadAction\",\"target\":[\"https:\/\/www.ugocd.com\/blog\/2020\/03\/09\/la-verdad-del-coronavirus-en-francia\/\"]}]},{\"@type\":\"ImageObject\",\"inLanguage\":\"es-PE\",\"@id\":\"https:\/\/www.ugocd.com\/blog\/2020\/03\/09\/la-verdad-del-coronavirus-en-francia\/#primaryimage\",\"url\":\"https:\/\/www.ugocd.com\/blog\/wp-content\/uploads\/2020\/03\/la-verdad-del-coronavirus-en-francia.png\",\"contentUrl\":\"https:\/\/www.ugocd.com\/blog\/wp-content\/uploads\/2020\/03\/la-verdad-del-coronavirus-en-francia.png\",\"width\":1100,\"height\":447,\"caption\":\"La verdad del coronavirus en francia\"},{\"@type\":\"BreadcrumbList\",\"@id\":\"https:\/\/www.ugocd.com\/blog\/2020\/03\/09\/la-verdad-del-coronavirus-en-francia\/#breadcrumb\",\"itemListElement\":[{\"@type\":\"ListItem\",\"position\":1,\"name\":\"Home\",\"item\":\"https:\/\/www.ugocd.com\/blog\/\"},{\"@type\":\"ListItem\",\"position\":2,\"name\":\"Francia\",\"item\":\"https:\/\/www.ugocd.com\/blog\/category\/vida_en_francia\/\"},{\"@type\":\"ListItem\",\"position\":3,\"name\":\"La verdad sobre el Coronavirus en Francia\"}]},{\"@type\":\"WebSite\",\"@id\":\"https:\/\/www.ugocd.com\/blog\/#website\",\"url\":\"https:\/\/www.ugocd.com\/blog\/\",\"name\":\"Ugo CD Blog | Diario de un pseudoartista\",\"description\":\"Experiencias personales y de Dise\u00f1o. Escribo de todo un poco en mi Diario de un pseudoartista.\",\"publisher\":{\"@id\":\"https:\/\/www.ugocd.com\/blog\/#\/schema\/person\/90fa66a6432cc5ba1f2493479c15fa89\"},\"potentialAction\":[{\"@type\":\"SearchAction\",\"target\":{\"@type\":\"EntryPoint\",\"urlTemplate\":\"https:\/\/www.ugocd.com\/blog\/?s={search_term_string}\"},\"query-input\":{\"@type\":\"PropertyValueSpecification\",\"valueRequired\":true,\"valueName\":\"search_term_string\"}}],\"inLanguage\":\"es-PE\"},{\"@type\":[\"Person\",\"Organization\"],\"@id\":\"https:\/\/www.ugocd.com\/blog\/#\/schema\/person\/90fa66a6432cc5ba1f2493479c15fa89\",\"name\":\"Ugo CD\",\"image\":{\"@type\":\"ImageObject\",\"inLanguage\":\"es-PE\",\"@id\":\"https:\/\/www.ugocd.com\/blog\/#\/schema\/person\/image\/\",\"url\":\"https:\/\/www.ugocd.com\/blog\/wp-content\/uploads\/2023\/10\/isotype-ugocd-color-bk-primary.svg\",\"contentUrl\":\"https:\/\/www.ugocd.com\/blog\/wp-content\/uploads\/2023\/10\/isotype-ugocd-color-bk-primary.svg\",\"width\":129,\"height\":152,\"caption\":\"Ugo CD\"},\"logo\":{\"@id\":\"https:\/\/www.ugocd.com\/blog\/#\/schema\/person\/image\/\"},\"description\":\"Me llamo Ugo CD, soy dise\u00f1ador gr\u00e1fico e ilustrador egresado de la Pontificia Universidad Cat\u00f3lica del Per\u00fa con un Master en lenguas extranjeras y comercio electr\u00f3nico en la UFC de Francia, con conocimiento intermedio en programaci\u00f3n, animaci\u00f3n e ilustraci\u00f3n. Experto en imaginar situaciones poco usuales en momentos bastante comunes.\",\"sameAs\":[\"https:\/\/www.ugocd.com\"],\"url\":\"https:\/\/www.ugocd.com\/blog\/author\/ennuyer\/\"}]}<\/script>\n<!-- \/ Yoast SEO plugin. -->","yoast_head_json":{"title":"Toda la verdad sobre el CORONAVIRUS en Francia","description":"En este art\u00edculo les contar\u00e9 toda la verdad del coronavirus en Francia, desde mi punto de vista claro como espectador en el pa\u00eds del buen queso y vino.","robots":{"index":"index","follow":"follow","max-snippet":"max-snippet:-1","max-image-preview":"max-image-preview:large","max-video-preview":"max-video-preview:-1"},"canonical":"https:\/\/www.ugocd.com\/blog\/2020\/03\/09\/la-verdad-del-coronavirus-en-francia\/","og_locale":"es_ES","og_type":"article","og_title":"Toda la verdad sobre el CORONAVIRUS en Francia","og_description":"En este art\u00edculo les contar\u00e9 toda la verdad del coronavirus en Francia, desde mi punto de vista claro como espectador en el pa\u00eds del buen queso y vino.","og_url":"https:\/\/www.ugocd.com\/blog\/2020\/03\/09\/la-verdad-del-coronavirus-en-francia\/","og_site_name":"Ugo CD Blog | Diario de un pseudoartista","article_published_time":"2020-03-09T22:31:57+00:00","article_modified_time":"2023-08-01T07:17:01+00:00","og_image":[{"width":1100,"height":447,"url":"https:\/\/www.ugocd.com\/blog\/wp-content\/uploads\/2020\/03\/la-verdad-del-coronavirus-en-francia.png","type":"image\/png"}],"author":"Ugo CD","twitter_card":"summary_large_image","twitter_image":"https:\/\/www.ugocd.com\/blog\/wp-content\/uploads\/2020\/03\/la-verdad-del-coronavirus-en-francia.png","twitter_misc":{"Written by":"Ugo CD","Est. reading time":"8 minutos"},"schema":{"@context":"https:\/\/schema.org","@graph":[{"@type":"Article","@id":"https:\/\/www.ugocd.com\/blog\/2020\/03\/09\/la-verdad-del-coronavirus-en-francia\/#article","isPartOf":{"@id":"https:\/\/www.ugocd.com\/blog\/2020\/03\/09\/la-verdad-del-coronavirus-en-francia\/"},"author":{"name":"Ugo CD","@id":"https:\/\/www.ugocd.com\/blog\/#\/schema\/person\/90fa66a6432cc5ba1f2493479c15fa89"},"headline":"La verdad sobre el Coronavirus en Francia","datePublished":"2020-03-09T22:31:57+00:00","dateModified":"2023-08-01T07:17:01+00:00","mainEntityOfPage":{"@id":"https:\/\/www.ugocd.com\/blog\/2020\/03\/09\/la-verdad-del-coronavirus-en-francia\/"},"wordCount":1711,"commentCount":0,"publisher":{"@id":"https:\/\/www.ugocd.com\/blog\/#\/schema\/person\/90fa66a6432cc5ba1f2493479c15fa89"},"image":{"@id":"https:\/\/www.ugocd.com\/blog\/2020\/03\/09\/la-verdad-del-coronavirus-en-francia\/#primaryimage"},"thumbnailUrl":"https:\/\/www.ugocd.com\/blog\/wp-content\/uploads\/2020\/03\/la-verdad-del-coronavirus-en-francia.png","keywords":["coronavirus en francia","peru francia"],"articleSection":["Francia"],"inLanguage":"es-PE","potentialAction":[{"@type":"CommentAction","name":"Comment","target":["https:\/\/www.ugocd.com\/blog\/2020\/03\/09\/la-verdad-del-coronavirus-en-francia\/#respond"]}]},{"@type":"WebPage","@id":"https:\/\/www.ugocd.com\/blog\/2020\/03\/09\/la-verdad-del-coronavirus-en-francia\/","url":"https:\/\/www.ugocd.com\/blog\/2020\/03\/09\/la-verdad-del-coronavirus-en-francia\/","name":"Toda la verdad sobre el CORONAVIRUS en Francia","isPartOf":{"@id":"https:\/\/www.ugocd.com\/blog\/#website"},"primaryImageOfPage":{"@id":"https:\/\/www.ugocd.com\/blog\/2020\/03\/09\/la-verdad-del-coronavirus-en-francia\/#primaryimage"},"image":{"@id":"https:\/\/www.ugocd.com\/blog\/2020\/03\/09\/la-verdad-del-coronavirus-en-francia\/#primaryimage"},"thumbnailUrl":"https:\/\/www.ugocd.com\/blog\/wp-content\/uploads\/2020\/03\/la-verdad-del-coronavirus-en-francia.png","datePublished":"2020-03-09T22:31:57+00:00","dateModified":"2023-08-01T07:17:01+00:00","description":"En este art\u00edculo les contar\u00e9 toda la verdad del coronavirus en Francia, desde mi punto de vista claro como espectador en el pa\u00eds del buen queso y vino.","breadcrumb":{"@id":"https:\/\/www.ugocd.com\/blog\/2020\/03\/09\/la-verdad-del-coronavirus-en-francia\/#breadcrumb"},"inLanguage":"es-PE","potentialAction":[{"@type":"ReadAction","target":["https:\/\/www.ugocd.com\/blog\/2020\/03\/09\/la-verdad-del-coronavirus-en-francia\/"]}]},{"@type":"ImageObject","inLanguage":"es-PE","@id":"https:\/\/www.ugocd.com\/blog\/2020\/03\/09\/la-verdad-del-coronavirus-en-francia\/#primaryimage","url":"https:\/\/www.ugocd.com\/blog\/wp-content\/uploads\/2020\/03\/la-verdad-del-coronavirus-en-francia.png","contentUrl":"https:\/\/www.ugocd.com\/blog\/wp-content\/uploads\/2020\/03\/la-verdad-del-coronavirus-en-francia.png","width":1100,"height":447,"caption":"La verdad del coronavirus en francia"},{"@type":"BreadcrumbList","@id":"https:\/\/www.ugocd.com\/blog\/2020\/03\/09\/la-verdad-del-coronavirus-en-francia\/#breadcrumb","itemListElement":[{"@type":"ListItem","position":1,"name":"Home","item":"https:\/\/www.ugocd.com\/blog\/"},{"@type":"ListItem","position":2,"name":"Francia","item":"https:\/\/www.ugocd.com\/blog\/category\/vida_en_francia\/"},{"@type":"ListItem","position":3,"name":"La verdad sobre el Coronavirus en Francia"}]},{"@type":"WebSite","@id":"https:\/\/www.ugocd.com\/blog\/#website","url":"https:\/\/www.ugocd.com\/blog\/","name":"Ugo CD Blog | Diario de un pseudoartista","description":"Experiencias personales y de Dise\u00f1o. Escribo de todo un poco en mi Diario de un pseudoartista.","publisher":{"@id":"https:\/\/www.ugocd.com\/blog\/#\/schema\/person\/90fa66a6432cc5ba1f2493479c15fa89"},"potentialAction":[{"@type":"SearchAction","target":{"@type":"EntryPoint","urlTemplate":"https:\/\/www.ugocd.com\/blog\/?s={search_term_string}"},"query-input":{"@type":"PropertyValueSpecification","valueRequired":true,"valueName":"search_term_string"}}],"inLanguage":"es-PE"},{"@type":["Person","Organization"],"@id":"https:\/\/www.ugocd.com\/blog\/#\/schema\/person\/90fa66a6432cc5ba1f2493479c15fa89","name":"Ugo CD","image":{"@type":"ImageObject","inLanguage":"es-PE","@id":"https:\/\/www.ugocd.com\/blog\/#\/schema\/person\/image\/","url":"https:\/\/www.ugocd.com\/blog\/wp-content\/uploads\/2023\/10\/isotype-ugocd-color-bk-primary.svg","contentUrl":"https:\/\/www.ugocd.com\/blog\/wp-content\/uploads\/2023\/10\/isotype-ugocd-color-bk-primary.svg","width":129,"height":152,"caption":"Ugo CD"},"logo":{"@id":"https:\/\/www.ugocd.com\/blog\/#\/schema\/person\/image\/"},"description":"Me llamo Ugo CD, soy dise\u00f1ador gr\u00e1fico e ilustrador egresado de la Pontificia Universidad Cat\u00f3lica del Per\u00fa con un Master en lenguas extranjeras y comercio electr\u00f3nico en la UFC de Francia, con conocimiento intermedio en programaci\u00f3n, animaci\u00f3n e ilustraci\u00f3n. Experto en imaginar situaciones poco usuales en momentos bastante comunes.","sameAs":["https:\/\/www.ugocd.com"],"url":"https:\/\/www.ugocd.com\/blog\/author\/ennuyer\/"}]}},"jetpack_featured_media_url":"https:\/\/www.ugocd.com\/blog\/wp-content\/uploads\/2020\/03\/la-verdad-del-coronavirus-en-francia.png","jetpack_shortlink":"https:\/\/wp.me\/p9iKuR-gS","jetpack_sharing_enabled":true,"_links":{"self":[{"href":"https:\/\/www.ugocd.com\/blog\/wp-json\/wp\/v2\/posts\/1046","targetHints":{"allow":["GET"]}}],"collection":[{"href":"https:\/\/www.ugocd.com\/blog\/wp-json\/wp\/v2\/posts"}],"about":[{"href":"https:\/\/www.ugocd.com\/blog\/wp-json\/wp\/v2\/types\/post"}],"author":[{"embeddable":true,"href":"https:\/\/www.ugocd.com\/blog\/wp-json\/wp\/v2\/users\/1"}],"replies":[{"embeddable":true,"href":"https:\/\/www.ugocd.com\/blog\/wp-json\/wp\/v2\/comments?post=1046"}],"version-history":[{"count":66,"href":"https:\/\/www.ugocd.com\/blog\/wp-json\/wp\/v2\/posts\/1046\/revisions"}],"predecessor-version":[{"id":1439,"href":"https:\/\/www.ugocd.com\/blog\/wp-json\/wp\/v2\/posts\/1046\/revisions\/1439"}],"wp:featuredmedia":[{"embeddable":true,"href":"https:\/\/www.ugocd.com\/blog\/wp-json\/wp\/v2\/media\/1102"}],"wp:attachment":[{"href":"https:\/\/www.ugocd.com\/blog\/wp-json\/wp\/v2\/media?parent=1046"}],"wp:term":[{"taxonomy":"category","embeddable":true,"href":"https:\/\/www.ugocd.com\/blog\/wp-json\/wp\/v2\/categories?post=1046"},{"taxonomy":"post_tag","embeddable":true,"href":"https:\/\/www.ugocd.com\/blog\/wp-json\/wp\/v2\/tags?post=1046"}],"curies":[{"name":"wp","href":"https:\/\/api.w.org\/{rel}","templated":true}]}}