{"id":1161,"date":"2020-04-04T16:48:02","date_gmt":"2020-04-04T16:48:02","guid":{"rendered":"https:\/\/www.ugocd.com\/blog\/?p=1161"},"modified":"2020-04-04T16:48:06","modified_gmt":"2020-04-04T16:48:06","slug":"teletrabajo-en-tiempos-del-coronavirus","status":"publish","type":"post","link":"https:\/\/www.ugocd.com\/blog\/2020\/04\/04\/teletrabajo-en-tiempos-del-coronavirus\/","title":{"rendered":"Teletrabajo en tiempos del CORONAVIRUS"},"content":{"rendered":"\n<p>En mi anterior trabajo recuerdo, que se me propuso el realizar teletrabajo como una soluci\u00f3n novedosa en ciertas circunstancias. Sin embargo qued\u00f3 en proyecto. Principalmente porque de acuerdo a la ley en ese entonces (2013)<strong> la empresa deb\u00eda proveerme un ordenador e incluso el internet.<\/strong> De lo contrario, deber\u00eda compensarme la totalidad de los gastos en materiales e uso de internet, luz, etc.<\/p>\n\n\n\n<p>Cuando present\u00e9 mi renuncia, propuse poder quedarme hasta finales de marzo (era comienzos de Enero) siempre y cuando pudiera realizar teletrabajo. Los largos viajes desde mi casa hasta mi centro de trabajo me dificultaban el estudiar franc\u00e9s, pues renunciaba justamente para hacer un Master en Francia y el estudiar la lengua era mi prioridad.<\/p>\n\n\n\n<p>Ante la negativa de la empresa, adelant\u00e9 mi salida ha finales de febrero. En ese entonces jam\u00e1s pens\u00e9 que 5 a\u00f1os despu\u00e9s estar\u00eda en teletrabajo obligatorio como consecuencia a la actual emergencia sanitaria d\u00f3nde nos encontramos.<\/p>\n\n\n\n<p>En este contexto,<strong> varias empresas francesas optan por el teletrabajo a 100%<\/strong> por primera vez.<\/p>\n\n\n\n<p>No tengo nada en contra a esta medida. Siempre intento buscarle el lado positivo. Es otra manera de trabajar que encuentro tiene cosas positivas y negativas.<\/p>\n\n\n\n<p><strong>Actualmente nos encontramos en el Estado 3<\/strong>, esto quiere decir que no podemos salir de nuestras casas salvo por una raz\u00f3n espec\u00edfica. Entre ella el abastecerse de comida, hacer deporte(jogging), pasear al perro y por ir al trabajo( si el tipo de empleo no permite teletrabajo)<\/p>\n\n\n\n<p>Parece a veces algo salido de una pel\u00edcula de esas del fin de los tiempos. Pero hay que hacerle frente a las circunstancias siendo lo m\u00e1s optimistas posibles.<\/p>\n\n\n\n<figure class=\"wp-block-image size-large\"><img fetchpriority=\"high\" decoding=\"async\" width=\"1100\" height=\"447\" src=\"https:\/\/i1.wp.com\/www.ugocd.com\/blog\/wp-content\/uploads\/2020\/04\/teletrabajo-en-tiempos-del-coronavirus.png?fit=800%2C325&amp;ssl=1\" alt=\"Teletrabajo en Francia\" class=\"wp-image-1216\" srcset=\"https:\/\/www.ugocd.com\/blog\/wp-content\/uploads\/2020\/04\/teletrabajo-en-tiempos-del-coronavirus.png 1100w, https:\/\/www.ugocd.com\/blog\/wp-content\/uploads\/2020\/04\/teletrabajo-en-tiempos-del-coronavirus-300x122.png 300w, https:\/\/www.ugocd.com\/blog\/wp-content\/uploads\/2020\/04\/teletrabajo-en-tiempos-del-coronavirus-1024x416.png 1024w, https:\/\/www.ugocd.com\/blog\/wp-content\/uploads\/2020\/04\/teletrabajo-en-tiempos-del-coronavirus-768x312.png 768w\" sizes=\"(max-width: 1100px) 100vw, 1100px\" \/><\/figure>\n\n\n\n<p>La estrategia que estan ten\u00edendo los managers en donde trabajo es<strong> impulsar lo m\u00e1s que se pueda las comunicaciones, escrita u oral.<\/strong> Entonces tenemos a las 9 una videollamada con el equipo y otra a las 14. Incluso as\u00ed es un poco extra\u00f1o, siento esa necesidad de escribir algo para que sepan que estoy presente. Algo que no es necesario si estoy f\u00edsicamente junto al equipo.<\/p>\n\n\n\n<p>Sin embargo pienso que para un dise\u00f1ador gr\u00e1fico es bastante posible trabajar desde casa. Una vez los objetivos del proyecto son bien definidos para nosotros lo que resta es efectuarlo.<\/p>\n\n\n\n<p>La mayor complicaci\u00f3n hasta ahora encontrada para m\u00ed con el teletrabajo es la comunicaci\u00f3n. Siendo el franc\u00e9s un idioma que hablo reci\u00e9n desde hace unos 4 &#8211; 5 a\u00f1os, tengo aun ciertas limitaciones. M\u00e1s a\u00fan al escrito que al oral. Me valgo normalmente tambi\u00e9n de observar por expresiones o el comportamiento fisico para comprender si una propuesta es aceptada o no completamente.<\/p>\n\n\n\n<p>Con respecto a los horarios, yo cumplo mi horario normal, me permite siempre tener un orden en mi vida. Incluso los d\u00edas donde he pedido, en este peri\u00f3do una ma\u00f1ana libre, me levanto temprano y hago mi rutina como un d\u00eda normal. Creo esto es importante para m\u00ed para mantenerme organizado.<\/p>\n\n\n\n<p>Quiz\u00e1s lo que me falta bastante es ir al gimnasio a la hora de almuerzo y no por ser un obsecionado de crecer los m\u00fasculos (que por cierto no tengo). M\u00e1s bien es porque separarme un momento del proyecto en el que estoy trabajando me ayuda a despu\u00e9s observar cosas que antes no hice. En estos tiempos del coronavirus no es posible hacerlo. Siento que hay un impacto fisico y emocional por el hecho de estar casi todo el tiempo en el mismo lugar.<\/p>\n\n\n\n<p>Es cierto que hay apps y videos en instagram que est\u00e1n fomentando el deporte dentro de casa, pero siento una flojera inmensa. En eso el ir al gimnasio me fuerza a hacer deporte.<\/p>\n\n\n\n<p>En mi vida veo un impacto creativo en el trabajo, pues cada d\u00eda siento que mi creatividad se ve un poco afectada, me es un poco m\u00e1s complicado inspirarme al proponer dise\u00f1os. Siento que el estar en un solo lugar cansa much\u00edsmo y da m\u00e1s hambre&#8230; no s\u00e9 si esto \u00faltimo le pasa a todo el mundo.<\/p>\n\n\n\n<p>Por el contrario en lo que a mis proyectos personales se refieron siento que soy mucho m\u00e1s productivo \ud83d\ude42<\/p>\n\n\n\n<p>El Teletrabajo en estos tiempos de Pandemia, es una buena opci\u00f3n para los que su tipo de trabajo se lo permite, claro est\u00e1. En mi caso por ello, como dise\u00f1ador gr\u00e1fico, funciona. Claro est\u00e1, en la comunicaci\u00f3n con el cliente uno debe hacer m\u00e1s esfuerzo por comprender al m\u00e1ximo los objetivos. En donde trabajo utilizamos SLACK para comunicarnos y esto no difiere en lo absoluto de mi dia a dia laboral. A veces tambi\u00e9n hemos usado ZOOM porque puede albergar m\u00e1s personas.<\/p>\n\n\n\n<p>Muchas veces la comunicacion cotidiana se reduce a solamente SLACK. Sin emabargo la diferencia es que cuando encontramos con el equipo limitaciones por escrito (que es normal) nos encontramos y dicutimos personalmente. En este caso de Teletrabajo es el audio que \u00absalva\u00bb.<\/p>\n\n\n\n<p>Terminando mi tercera semana de puro teletrabajo, considero que la costumbre hace que sea m\u00e1s sencillo. Tambi\u00e9n creo que tengo dos ventajas:<\/p>\n\n\n\n<ol class=\"wp-block-list\"><li>No tengo hijos.<\/li><li>Estoy acostumbrado a trabajar solo por mi cuenta y me encanta hacerlo.<\/li><\/ol>\n\n\n\n<p>Quiz\u00e1s es el comienzo del futuro a un trabajo desde casa para muchos o quiz\u00e1s sea el momento en que valoremos esa convivialidad de cuando se trabaja con otras personas en f\u00edsco&#8230; el tiempo lo dir\u00e1, si sobrevivimos claro (#kiddingbutnotkidding)<\/p>\n\n\n\n<p>Con respecto a m\u00ed cuando acabe el periodo de cuarentena pienso pedir m\u00e1s seguido d\u00edas en teletrabajo altern\u00e1ndolo con d\u00edas presenciales.<\/p>\n\n\n\n<p>Conmigo ser\u00e1 hasta un pr\u00f3ximo post,<\/p>\n\n\n\n<p>\u00c0 bient\u00f4t,<\/p>\n\n\n\n<p> <strong>Ugo CD<\/strong><br><a href=\"https:\/\/www.ugocd.com\/\">Dise\u00f1ador gr\u00e1fico freelance<\/a> <br><\/p>\n","protected":false},"excerpt":{"rendered":"<p>En mi anterior trabajo recuerdo, que se me propuso el realizar teletrabajo como una soluci\u00f3n novedosa en ciertas circunstancias. Sin embargo qued\u00f3 en proyecto. Principalmente porque de acuerdo a la ley en ese entonces (2013) la empresa deb\u00eda proveerme un ordenador e incluso el internet. De lo contrario, deber\u00eda compensarme la totalidad de los gastos [&hellip;]<\/p>\n","protected":false},"author":1,"featured_media":1215,"comment_status":"open","ping_status":"closed","sticky":false,"template":"","format":"standard","meta":{"jetpack_post_was_ever_published":false,"_jetpack_newsletter_access":"","_jetpack_dont_email_post_to_subs":false,"_jetpack_newsletter_tier_id":0,"_jetpack_memberships_contains_paywalled_content":false,"_jetpack_memberships_contains_paid_content":false,"footnotes":""},"categories":[9],"tags":[78,62],"class_list":["post-1161","post","type-post","status-publish","format-standard","has-post-thumbnail","hentry","category-vida_en_francia","tag-teletrabajo","tag-trabajo-en-francia"],"yoast_head":"<!-- This site is optimized with the Yoast SEO plugin v24.2 - https:\/\/yoast.com\/wordpress\/plugins\/seo\/ -->\n<title>Teletrabajo en tiempos del CORONAVIRUS<\/title>\n<meta name=\"description\" content=\"En estos tiempos del coronavirus, el teletrabajo se inclina como opci\u00f3n que puede ayudar a mantener la vigencia de ciertas empresas.\" \/>\n<meta name=\"robots\" content=\"index, follow, max-snippet:-1, max-image-preview:large, max-video-preview:-1\" \/>\n<link rel=\"canonical\" href=\"https:\/\/www.ugocd.com\/blog\/2020\/04\/04\/teletrabajo-en-tiempos-del-coronavirus\/\" \/>\n<meta property=\"og:locale\" content=\"es_ES\" \/>\n<meta property=\"og:type\" content=\"article\" \/>\n<meta property=\"og:title\" content=\"Teletrabajo en tiempos del CORONAVIRUS\" \/>\n<meta property=\"og:description\" content=\"En estos tiempos del coronavirus, el teletrabajo se inclina como opci\u00f3n que puede ayudar a mantener la vigencia de ciertas empresas.\" \/>\n<meta property=\"og:url\" content=\"https:\/\/www.ugocd.com\/blog\/2020\/04\/04\/teletrabajo-en-tiempos-del-coronavirus\/\" \/>\n<meta property=\"og:site_name\" content=\"Ugo CD Blog | Diario de un pseudoartista\" \/>\n<meta property=\"article:published_time\" content=\"2020-04-04T16:48:02+00:00\" \/>\n<meta property=\"article:modified_time\" content=\"2020-04-04T16:48:06+00:00\" \/>\n<meta property=\"og:image\" content=\"https:\/\/www.ugocd.com\/blog\/wp-content\/uploads\/2020\/04\/teletrabajo-en-tiempos-del-coronavirus-v2.png\" \/>\n\t<meta property=\"og:image:width\" content=\"1100\" \/>\n\t<meta property=\"og:image:height\" content=\"447\" \/>\n\t<meta property=\"og:image:type\" content=\"image\/png\" \/>\n<meta name=\"author\" content=\"Ugo CD\" \/>\n<meta name=\"twitter:card\" content=\"summary_large_image\" \/>\n<meta name=\"twitter:label1\" content=\"Written by\" \/>\n\t<meta name=\"twitter:data1\" content=\"Ugo CD\" \/>\n\t<meta name=\"twitter:label2\" content=\"Est. reading time\" \/>\n\t<meta name=\"twitter:data2\" content=\"5 minutos\" \/>\n<script type=\"application\/ld+json\" class=\"yoast-schema-graph\">{\"@context\":\"https:\/\/schema.org\",\"@graph\":[{\"@type\":\"Article\",\"@id\":\"https:\/\/www.ugocd.com\/blog\/2020\/04\/04\/teletrabajo-en-tiempos-del-coronavirus\/#article\",\"isPartOf\":{\"@id\":\"https:\/\/www.ugocd.com\/blog\/2020\/04\/04\/teletrabajo-en-tiempos-del-coronavirus\/\"},\"author\":{\"name\":\"Ugo CD\",\"@id\":\"https:\/\/www.ugocd.com\/blog\/#\/schema\/person\/90fa66a6432cc5ba1f2493479c15fa89\"},\"headline\":\"Teletrabajo en tiempos del CORONAVIRUS\",\"datePublished\":\"2020-04-04T16:48:02+00:00\",\"dateModified\":\"2020-04-04T16:48:06+00:00\",\"mainEntityOfPage\":{\"@id\":\"https:\/\/www.ugocd.com\/blog\/2020\/04\/04\/teletrabajo-en-tiempos-del-coronavirus\/\"},\"wordCount\":964,\"commentCount\":0,\"publisher\":{\"@id\":\"https:\/\/www.ugocd.com\/blog\/#\/schema\/person\/90fa66a6432cc5ba1f2493479c15fa89\"},\"image\":{\"@id\":\"https:\/\/www.ugocd.com\/blog\/2020\/04\/04\/teletrabajo-en-tiempos-del-coronavirus\/#primaryimage\"},\"thumbnailUrl\":\"https:\/\/www.ugocd.com\/blog\/wp-content\/uploads\/2020\/04\/teletrabajo-en-tiempos-del-coronavirus-v2.png\",\"keywords\":[\"teletrabajo\",\"trabajo en francia\"],\"articleSection\":[\"Francia\"],\"inLanguage\":\"es-PE\",\"potentialAction\":[{\"@type\":\"CommentAction\",\"name\":\"Comment\",\"target\":[\"https:\/\/www.ugocd.com\/blog\/2020\/04\/04\/teletrabajo-en-tiempos-del-coronavirus\/#respond\"]}]},{\"@type\":\"WebPage\",\"@id\":\"https:\/\/www.ugocd.com\/blog\/2020\/04\/04\/teletrabajo-en-tiempos-del-coronavirus\/\",\"url\":\"https:\/\/www.ugocd.com\/blog\/2020\/04\/04\/teletrabajo-en-tiempos-del-coronavirus\/\",\"name\":\"Teletrabajo en tiempos del CORONAVIRUS\",\"isPartOf\":{\"@id\":\"https:\/\/www.ugocd.com\/blog\/#website\"},\"primaryImageOfPage\":{\"@id\":\"https:\/\/www.ugocd.com\/blog\/2020\/04\/04\/teletrabajo-en-tiempos-del-coronavirus\/#primaryimage\"},\"image\":{\"@id\":\"https:\/\/www.ugocd.com\/blog\/2020\/04\/04\/teletrabajo-en-tiempos-del-coronavirus\/#primaryimage\"},\"thumbnailUrl\":\"https:\/\/www.ugocd.com\/blog\/wp-content\/uploads\/2020\/04\/teletrabajo-en-tiempos-del-coronavirus-v2.png\",\"datePublished\":\"2020-04-04T16:48:02+00:00\",\"dateModified\":\"2020-04-04T16:48:06+00:00\",\"description\":\"En estos tiempos del coronavirus, el teletrabajo se inclina como opci\u00f3n que puede ayudar a mantener la vigencia de ciertas empresas.\",\"breadcrumb\":{\"@id\":\"https:\/\/www.ugocd.com\/blog\/2020\/04\/04\/teletrabajo-en-tiempos-del-coronavirus\/#breadcrumb\"},\"inLanguage\":\"es-PE\",\"potentialAction\":[{\"@type\":\"ReadAction\",\"target\":[\"https:\/\/www.ugocd.com\/blog\/2020\/04\/04\/teletrabajo-en-tiempos-del-coronavirus\/\"]}]},{\"@type\":\"ImageObject\",\"inLanguage\":\"es-PE\",\"@id\":\"https:\/\/www.ugocd.com\/blog\/2020\/04\/04\/teletrabajo-en-tiempos-del-coronavirus\/#primaryimage\",\"url\":\"https:\/\/www.ugocd.com\/blog\/wp-content\/uploads\/2020\/04\/teletrabajo-en-tiempos-del-coronavirus-v2.png\",\"contentUrl\":\"https:\/\/www.ugocd.com\/blog\/wp-content\/uploads\/2020\/04\/teletrabajo-en-tiempos-del-coronavirus-v2.png\",\"width\":1100,\"height\":447,\"caption\":\"Teletrabajo en tiempos del coronavirus\"},{\"@type\":\"BreadcrumbList\",\"@id\":\"https:\/\/www.ugocd.com\/blog\/2020\/04\/04\/teletrabajo-en-tiempos-del-coronavirus\/#breadcrumb\",\"itemListElement\":[{\"@type\":\"ListItem\",\"position\":1,\"name\":\"Home\",\"item\":\"https:\/\/www.ugocd.com\/blog\/\"},{\"@type\":\"ListItem\",\"position\":2,\"name\":\"Francia\",\"item\":\"https:\/\/www.ugocd.com\/blog\/category\/vida_en_francia\/\"},{\"@type\":\"ListItem\",\"position\":3,\"name\":\"Teletrabajo en tiempos del CORONAVIRUS\"}]},{\"@type\":\"WebSite\",\"@id\":\"https:\/\/www.ugocd.com\/blog\/#website\",\"url\":\"https:\/\/www.ugocd.com\/blog\/\",\"name\":\"Ugo CD Blog | Diario de un pseudoartista\",\"description\":\"Experiencias personales y de Dise\u00f1o. Escribo de todo un poco en mi Diario de un pseudoartista.\",\"publisher\":{\"@id\":\"https:\/\/www.ugocd.com\/blog\/#\/schema\/person\/90fa66a6432cc5ba1f2493479c15fa89\"},\"potentialAction\":[{\"@type\":\"SearchAction\",\"target\":{\"@type\":\"EntryPoint\",\"urlTemplate\":\"https:\/\/www.ugocd.com\/blog\/?s={search_term_string}\"},\"query-input\":{\"@type\":\"PropertyValueSpecification\",\"valueRequired\":true,\"valueName\":\"search_term_string\"}}],\"inLanguage\":\"es-PE\"},{\"@type\":[\"Person\",\"Organization\"],\"@id\":\"https:\/\/www.ugocd.com\/blog\/#\/schema\/person\/90fa66a6432cc5ba1f2493479c15fa89\",\"name\":\"Ugo CD\",\"image\":{\"@type\":\"ImageObject\",\"inLanguage\":\"es-PE\",\"@id\":\"https:\/\/www.ugocd.com\/blog\/#\/schema\/person\/image\/\",\"url\":\"https:\/\/www.ugocd.com\/blog\/wp-content\/uploads\/2023\/10\/isotype-ugocd-color-bk-primary.svg\",\"contentUrl\":\"https:\/\/www.ugocd.com\/blog\/wp-content\/uploads\/2023\/10\/isotype-ugocd-color-bk-primary.svg\",\"width\":129,\"height\":152,\"caption\":\"Ugo CD\"},\"logo\":{\"@id\":\"https:\/\/www.ugocd.com\/blog\/#\/schema\/person\/image\/\"},\"description\":\"Me llamo Ugo CD, soy dise\u00f1ador gr\u00e1fico e ilustrador egresado de la Pontificia Universidad Cat\u00f3lica del Per\u00fa con un Master en lenguas extranjeras y comercio electr\u00f3nico en la UFC de Francia, con conocimiento intermedio en programaci\u00f3n, animaci\u00f3n e ilustraci\u00f3n. Experto en imaginar situaciones poco usuales en momentos bastante comunes.\",\"sameAs\":[\"https:\/\/www.ugocd.com\"],\"url\":\"https:\/\/www.ugocd.com\/blog\/author\/ennuyer\/\"}]}<\/script>\n<!-- \/ Yoast SEO plugin. -->","yoast_head_json":{"title":"Teletrabajo en tiempos del CORONAVIRUS","description":"En estos tiempos del coronavirus, el teletrabajo se inclina como opci\u00f3n que puede ayudar a mantener la vigencia de ciertas empresas.","robots":{"index":"index","follow":"follow","max-snippet":"max-snippet:-1","max-image-preview":"max-image-preview:large","max-video-preview":"max-video-preview:-1"},"canonical":"https:\/\/www.ugocd.com\/blog\/2020\/04\/04\/teletrabajo-en-tiempos-del-coronavirus\/","og_locale":"es_ES","og_type":"article","og_title":"Teletrabajo en tiempos del CORONAVIRUS","og_description":"En estos tiempos del coronavirus, el teletrabajo se inclina como opci\u00f3n que puede ayudar a mantener la vigencia de ciertas empresas.","og_url":"https:\/\/www.ugocd.com\/blog\/2020\/04\/04\/teletrabajo-en-tiempos-del-coronavirus\/","og_site_name":"Ugo CD Blog | Diario de un pseudoartista","article_published_time":"2020-04-04T16:48:02+00:00","article_modified_time":"2020-04-04T16:48:06+00:00","og_image":[{"width":1100,"height":447,"url":"https:\/\/www.ugocd.com\/blog\/wp-content\/uploads\/2020\/04\/teletrabajo-en-tiempos-del-coronavirus-v2.png","type":"image\/png"}],"author":"Ugo CD","twitter_card":"summary_large_image","twitter_misc":{"Written by":"Ugo CD","Est. reading time":"5 minutos"},"schema":{"@context":"https:\/\/schema.org","@graph":[{"@type":"Article","@id":"https:\/\/www.ugocd.com\/blog\/2020\/04\/04\/teletrabajo-en-tiempos-del-coronavirus\/#article","isPartOf":{"@id":"https:\/\/www.ugocd.com\/blog\/2020\/04\/04\/teletrabajo-en-tiempos-del-coronavirus\/"},"author":{"name":"Ugo CD","@id":"https:\/\/www.ugocd.com\/blog\/#\/schema\/person\/90fa66a6432cc5ba1f2493479c15fa89"},"headline":"Teletrabajo en tiempos del CORONAVIRUS","datePublished":"2020-04-04T16:48:02+00:00","dateModified":"2020-04-04T16:48:06+00:00","mainEntityOfPage":{"@id":"https:\/\/www.ugocd.com\/blog\/2020\/04\/04\/teletrabajo-en-tiempos-del-coronavirus\/"},"wordCount":964,"commentCount":0,"publisher":{"@id":"https:\/\/www.ugocd.com\/blog\/#\/schema\/person\/90fa66a6432cc5ba1f2493479c15fa89"},"image":{"@id":"https:\/\/www.ugocd.com\/blog\/2020\/04\/04\/teletrabajo-en-tiempos-del-coronavirus\/#primaryimage"},"thumbnailUrl":"https:\/\/www.ugocd.com\/blog\/wp-content\/uploads\/2020\/04\/teletrabajo-en-tiempos-del-coronavirus-v2.png","keywords":["teletrabajo","trabajo en francia"],"articleSection":["Francia"],"inLanguage":"es-PE","potentialAction":[{"@type":"CommentAction","name":"Comment","target":["https:\/\/www.ugocd.com\/blog\/2020\/04\/04\/teletrabajo-en-tiempos-del-coronavirus\/#respond"]}]},{"@type":"WebPage","@id":"https:\/\/www.ugocd.com\/blog\/2020\/04\/04\/teletrabajo-en-tiempos-del-coronavirus\/","url":"https:\/\/www.ugocd.com\/blog\/2020\/04\/04\/teletrabajo-en-tiempos-del-coronavirus\/","name":"Teletrabajo en tiempos del CORONAVIRUS","isPartOf":{"@id":"https:\/\/www.ugocd.com\/blog\/#website"},"primaryImageOfPage":{"@id":"https:\/\/www.ugocd.com\/blog\/2020\/04\/04\/teletrabajo-en-tiempos-del-coronavirus\/#primaryimage"},"image":{"@id":"https:\/\/www.ugocd.com\/blog\/2020\/04\/04\/teletrabajo-en-tiempos-del-coronavirus\/#primaryimage"},"thumbnailUrl":"https:\/\/www.ugocd.com\/blog\/wp-content\/uploads\/2020\/04\/teletrabajo-en-tiempos-del-coronavirus-v2.png","datePublished":"2020-04-04T16:48:02+00:00","dateModified":"2020-04-04T16:48:06+00:00","description":"En estos tiempos del coronavirus, el teletrabajo se inclina como opci\u00f3n que puede ayudar a mantener la vigencia de ciertas empresas.","breadcrumb":{"@id":"https:\/\/www.ugocd.com\/blog\/2020\/04\/04\/teletrabajo-en-tiempos-del-coronavirus\/#breadcrumb"},"inLanguage":"es-PE","potentialAction":[{"@type":"ReadAction","target":["https:\/\/www.ugocd.com\/blog\/2020\/04\/04\/teletrabajo-en-tiempos-del-coronavirus\/"]}]},{"@type":"ImageObject","inLanguage":"es-PE","@id":"https:\/\/www.ugocd.com\/blog\/2020\/04\/04\/teletrabajo-en-tiempos-del-coronavirus\/#primaryimage","url":"https:\/\/www.ugocd.com\/blog\/wp-content\/uploads\/2020\/04\/teletrabajo-en-tiempos-del-coronavirus-v2.png","contentUrl":"https:\/\/www.ugocd.com\/blog\/wp-content\/uploads\/2020\/04\/teletrabajo-en-tiempos-del-coronavirus-v2.png","width":1100,"height":447,"caption":"Teletrabajo en tiempos del coronavirus"},{"@type":"BreadcrumbList","@id":"https:\/\/www.ugocd.com\/blog\/2020\/04\/04\/teletrabajo-en-tiempos-del-coronavirus\/#breadcrumb","itemListElement":[{"@type":"ListItem","position":1,"name":"Home","item":"https:\/\/www.ugocd.com\/blog\/"},{"@type":"ListItem","position":2,"name":"Francia","item":"https:\/\/www.ugocd.com\/blog\/category\/vida_en_francia\/"},{"@type":"ListItem","position":3,"name":"Teletrabajo en tiempos del CORONAVIRUS"}]},{"@type":"WebSite","@id":"https:\/\/www.ugocd.com\/blog\/#website","url":"https:\/\/www.ugocd.com\/blog\/","name":"Ugo CD Blog | Diario de un pseudoartista","description":"Experiencias personales y de Dise\u00f1o. Escribo de todo un poco en mi Diario de un pseudoartista.","publisher":{"@id":"https:\/\/www.ugocd.com\/blog\/#\/schema\/person\/90fa66a6432cc5ba1f2493479c15fa89"},"potentialAction":[{"@type":"SearchAction","target":{"@type":"EntryPoint","urlTemplate":"https:\/\/www.ugocd.com\/blog\/?s={search_term_string}"},"query-input":{"@type":"PropertyValueSpecification","valueRequired":true,"valueName":"search_term_string"}}],"inLanguage":"es-PE"},{"@type":["Person","Organization"],"@id":"https:\/\/www.ugocd.com\/blog\/#\/schema\/person\/90fa66a6432cc5ba1f2493479c15fa89","name":"Ugo CD","image":{"@type":"ImageObject","inLanguage":"es-PE","@id":"https:\/\/www.ugocd.com\/blog\/#\/schema\/person\/image\/","url":"https:\/\/www.ugocd.com\/blog\/wp-content\/uploads\/2023\/10\/isotype-ugocd-color-bk-primary.svg","contentUrl":"https:\/\/www.ugocd.com\/blog\/wp-content\/uploads\/2023\/10\/isotype-ugocd-color-bk-primary.svg","width":129,"height":152,"caption":"Ugo CD"},"logo":{"@id":"https:\/\/www.ugocd.com\/blog\/#\/schema\/person\/image\/"},"description":"Me llamo Ugo CD, soy dise\u00f1ador gr\u00e1fico e ilustrador egresado de la Pontificia Universidad Cat\u00f3lica del Per\u00fa con un Master en lenguas extranjeras y comercio electr\u00f3nico en la UFC de Francia, con conocimiento intermedio en programaci\u00f3n, animaci\u00f3n e ilustraci\u00f3n. Experto en imaginar situaciones poco usuales en momentos bastante comunes.","sameAs":["https:\/\/www.ugocd.com"],"url":"https:\/\/www.ugocd.com\/blog\/author\/ennuyer\/"}]}},"jetpack_featured_media_url":"https:\/\/www.ugocd.com\/blog\/wp-content\/uploads\/2020\/04\/teletrabajo-en-tiempos-del-coronavirus-v2.png","jetpack_shortlink":"https:\/\/wp.me\/p9iKuR-iJ","jetpack_sharing_enabled":true,"_links":{"self":[{"href":"https:\/\/www.ugocd.com\/blog\/wp-json\/wp\/v2\/posts\/1161","targetHints":{"allow":["GET"]}}],"collection":[{"href":"https:\/\/www.ugocd.com\/blog\/wp-json\/wp\/v2\/posts"}],"about":[{"href":"https:\/\/www.ugocd.com\/blog\/wp-json\/wp\/v2\/types\/post"}],"author":[{"embeddable":true,"href":"https:\/\/www.ugocd.com\/blog\/wp-json\/wp\/v2\/users\/1"}],"replies":[{"embeddable":true,"href":"https:\/\/www.ugocd.com\/blog\/wp-json\/wp\/v2\/comments?post=1161"}],"version-history":[{"count":16,"href":"https:\/\/www.ugocd.com\/blog\/wp-json\/wp\/v2\/posts\/1161\/revisions"}],"predecessor-version":[{"id":1218,"href":"https:\/\/www.ugocd.com\/blog\/wp-json\/wp\/v2\/posts\/1161\/revisions\/1218"}],"wp:featuredmedia":[{"embeddable":true,"href":"https:\/\/www.ugocd.com\/blog\/wp-json\/wp\/v2\/media\/1215"}],"wp:attachment":[{"href":"https:\/\/www.ugocd.com\/blog\/wp-json\/wp\/v2\/media?parent=1161"}],"wp:term":[{"taxonomy":"category","embeddable":true,"href":"https:\/\/www.ugocd.com\/blog\/wp-json\/wp\/v2\/categories?post=1161"},{"taxonomy":"post_tag","embeddable":true,"href":"https:\/\/www.ugocd.com\/blog\/wp-json\/wp\/v2\/tags?post=1161"}],"curies":[{"name":"wp","href":"https:\/\/api.w.org\/{rel}","templated":true}]}}