{"id":1183,"date":"2020-03-28T16:42:59","date_gmt":"2020-03-28T16:42:59","guid":{"rendered":"https:\/\/www.ugocd.com\/blog\/?p=1183"},"modified":"2020-03-28T16:43:03","modified_gmt":"2020-03-28T16:43:03","slug":"diario-de-una-cuarentena-apocaliptica","status":"publish","type":"post","link":"https:\/\/www.ugocd.com\/blog\/2020\/03\/28\/diario-de-una-cuarentena-apocaliptica\/","title":{"rendered":"Diario d&#8217;una Cuarentena APOCAL\u00cdPTICA"},"content":{"rendered":"\n<p>El titulo de este post suena a portada de diario en situaci\u00f3n apocal\u00edptica luego que una bomba nuclear estall\u00f3 esparciendo un virus letal por todos lados. Pues no, no suena, ES (claro no por una bomba nuclear)<\/p>\n\n\n\n<p>He aqu\u00ed entonces mi Diario d&#8217;una cuarentena apocal\u00edptica.<\/p>\n\n\n\n<p>Me pasa seguido que mientras estoy conversando con mis seres queridos en alg\u00fan punto escucho lo que estoy diciendo y no me la creo. Frases como: \u00abEl virus esta por todos lados\u00bb \u00abTengan cuidados con mis viejos, que no salgan porque los mata\u00bb \u00abNo sabemos hasta cuando tendremos la cuarentena\u00bb <strong>\u00abNo hay papel higi\u00e9nico por ning\u00fan lado\u00bb <\/strong><\/p>\n\n\n\n<p>Viviendo en el extranjero es complicado tener la familia lejos en general y en estas circunstancias, en lo personal, es peor. Conversando con mi hermana me cuenta por ejemplo que mis se\u00f1ores padres (mis viejos) se escaparon el otro d\u00eda, como quincea\u00f1earas castigadas, a hacer las compras al supermercado. Mis hermanas molest\u00edsimas y yo tambi\u00e9n.<\/p>\n\n\n\n<p>Decid\u00ed no llamar, calmarme antes. Y seguro ahora lo har\u00e9, les llamar\u00e9, pero es mejor no pelear y ponernos en plan de discusi\u00f3n violenta en estos casos. Solo atine a enviarles un mensaje por #whatsapp \u00abNO SALGAN EL VIRUS PUEDE MATARLOS\u00bb pero no creo me hagan caso.<\/p>\n\n\n\n<p>Me parece curioso como el mundo se invierte, si antes eran los padres los que te prohib\u00edan salir, ahora somos nosotros, los hijos. Como dije, es complicado viviendo lejos.<\/p>\n\n\n\n<p>En este contexto apocal\u00edptico de cuarentena lo que puedo rescatar es que tengo m\u00e1s tiempo para crear contenido de diversos tipos y probar nuevas cosas. Por ejemplo me acabo de unir a <a href=\"https:\/\/www.tiktok.com\/@ennuyermillvergo\">TikTok<\/a> y he estado adicto a esta aplicaci\u00f3n, no tanto en crear contenido por all\u00ed pero el consumirlo (sobretodo los videos de gatos :3 #catlover4eva).<\/p>\n\n\n\n<figure class=\"wp-block-embed-youtube wp-block-embed is-type-video is-provider-youtube wp-embed-aspect-16-9 wp-has-aspect-ratio\"><div class=\"wp-block-embed__wrapper\">\n<iframe title=\"Integraci\u00f3n social en Francia para los extranjeros\" width=\"800\" height=\"450\" src=\"https:\/\/www.youtube.com\/embed\/JbkAmbcseDU?feature=oembed\" frameborder=\"0\" allow=\"accelerometer; autoplay; clipboard-write; encrypted-media; gyroscope; picture-in-picture; web-share\" referrerpolicy=\"strict-origin-when-cross-origin\" allowfullscreen><\/iframe>\n<\/div><figcaption>Video en mi canal de Youtube donde hablo sobre la \u00abIntegraci\u00f3n social en Francia\u00bb<\/figcaption><\/figure>\n\n\n\n<p>Sub\u00ed un nuevo video a mi canal de <a href=\"https:\/\/www.youtube.com\/channel\/UCaJHsDAPVacIVDIi1Kscktg?sub_confirmation=1\">youtube<\/a> despu\u00e9s de casi un a\u00f1o de inactividad. Este video en realidad lo hab\u00eda grabado hace casi un a\u00f1o, pero no quer\u00eda subir algo hablando tambi\u00e9n del <strong>coronavirus <\/strong>(por lo menos no por ahora) Seguro lo har\u00e9 despu\u00e9s, incluso el tema de la cuarentena puede ser un tema interesante a tratar, aunque es seguro que muchos ya sacaron videos sobre eso.<\/p>\n\n\n\n<figure class=\"wp-block-image size-large is-resized is-style-default\"><img fetchpriority=\"high\" decoding=\"async\" src=\"https:\/\/i0.wp.com\/www.ugocd.com\/blog\/wp-content\/uploads\/2020\/03\/ennucomic-animado-broma.png?fit=800%2C745&amp;ssl=1\" alt=\"Broma a Xamp - Ennucomic\" class=\"wp-image-1202\" width=\"576\" height=\"536\" srcset=\"https:\/\/www.ugocd.com\/blog\/wp-content\/uploads\/2020\/03\/ennucomic-animado-broma.png 1872w, https:\/\/www.ugocd.com\/blog\/wp-content\/uploads\/2020\/03\/ennucomic-animado-broma-300x279.png 300w, https:\/\/www.ugocd.com\/blog\/wp-content\/uploads\/2020\/03\/ennucomic-animado-broma-1024x953.png 1024w, https:\/\/www.ugocd.com\/blog\/wp-content\/uploads\/2020\/03\/ennucomic-animado-broma-768x715.png 768w, https:\/\/www.ugocd.com\/blog\/wp-content\/uploads\/2020\/03\/ennucomic-animado-broma-1536x1430.png 1536w\" sizes=\"(max-width: 576px) 100vw, 576px\" \/><\/figure>\n\n\n\n<p>Regres\u00e9 a subir contenido a mi casi olvidada fanpage del <strong>EnnuComic Animado<\/strong>. Se me ocurri\u00f3 continuar las tiras c\u00f3micas que hab\u00eda planeado hacer hace mucho tiempo pero que realic\u00e9 finalmente solo dos.<\/p>\n\n\n\n<p>Finalmente escribo m\u00e1s seguido para mi <strong>Diario d&#8217;un pseudoartista<\/strong>. Cuando sent\u00eda que no ten\u00eda ideas para escribir BANG! ALERTA SANITARIA MUNDIAL. Igual tengo unos art\u00edculos bajo la manga para despu\u00e9s, todav\u00eda en curso de terminar.<\/p>\n\n\n\n<p>Pens\u00e9 incluso cambiar moment\u00e1neamente el titulo del blog a <strong>Diario d&#8217;una cuarentena apocal\u00edptica<\/strong>.<\/p>\n\n\n\n<p>Esta cuarentena a tenido un efecto en m\u00ed creativo. Pienso que es debido a que tengo mas tiempo en general, pues no salgo a ning\u00fan lado. La semana pasada sal\u00ed solo dos veces. Una porque deb\u00eda ir a la empresa donde laboro a recoger un monitor para hacer teletrabajo. Y otra, cuando tenia que hacer las compras, comprando lo suficiente claro esta sin desabastecer pero calculando para no salir en dos semanas.<\/p>\n\n\n\n<p>As\u00ed me encuentro como muchos de ustedes en cuarentena, intentando sacar provecho de mi tiempo, sacando proyectitos. <a href=\"https:\/\/www.ugocd.com\/blog\/2020\/03\/06\/regresando-a-mis-proyectos-creativos\/\">Regresando<\/a> a ellos como lo comentaba en un post hace algunas semanas.<\/p>\n\n\n\n<p>El teletrabajo toma gran parte de mi tiempo de lunes a viernes. <strong>Siento es pesado estar en un solo lugar todo el tiempo<\/strong>. Pero es cuesti\u00f3n de paciencia, buen humor y costumbre. Y no vamos a morirnos por no salir a pasear dos semanas (si tienen comida claro) Pero sobre esto comento m\u00e1s en otro post dedicado a ese tema m\u00e1s adelante.<\/p>\n\n\n\n<p>Es bueno que no la este pasando solo en mi peque\u00f1o cuarto de 28 x 28. Decid\u00ed enfrentar esta cuarentena junto a mi pareja. Y por el momento siento es la mejor decisi\u00f3n que pude hacer. Jugamos wii, bebemos, conversamos, vemos pel\u00edculas (yo siempre termino dormido, ser\u00e1 la edad?) Entonces no est\u00e1 mal \ud83d\ude42<\/p>\n\n\n\n<p>Espero pronto esta situaci\u00f3n se regule, comprendo que para muchos en estos momentos es muy complicado, las est\u00e1n pasando solos, o son personas de avanzada edad, o no tienen el suficiente dinero para mantenerse este periodo de tiempo en cuarentena&#8230;<\/p>\n\n\n\n<p>Existen equis motivos para quejarnos y cada uno, probablemente, es v\u00e1lido. Pero tengamos en cuenta que <strong>este virus no podemos vencerlo solos<\/strong>. Es lo que siempre repito en conversaciones por tel\u00e9fono con amigos y familiares (y puedo agregarlo al repertorio de frases que me hace pensar que estoy en un pel\u00edcula apocal\u00edptica)<\/p>\n\n\n\n<p>Con esto me despido estimados lectores en uno m\u00e1s de mis posts en este mi <strong>Diario d&#8217;un pseudoartista<\/strong>, s\u00edganme en mis redes sociales para ver las cosillas que estar\u00e9 posteando para entretenernos y pasar mejor esta cuarentena apocal\u00edptica.<\/p>\n\n\n\n<p><br>\u00c0 bient\u00f4t,<\/p>\n\n\n\n<p><strong>Ugo CD<\/strong><br><a href=\"https:\/\/www.ugocd.com\/\">Dise\u00f1ador gr\u00e1fico freelance<\/a><br><\/p>\n","protected":false},"excerpt":{"rendered":"<p>El titulo de este post suena a portada de diario en situaci\u00f3n apocal\u00edptica luego que una bomba nuclear estall\u00f3 esparciendo un virus letal por todos lados. Pues no, no suena, ES (claro no por una bomba nuclear) He aqu\u00ed entonces mi Diario d&#8217;una cuarentena apocal\u00edptica. Me pasa seguido que mientras estoy conversando con mis seres [&hellip;]<\/p>\n","protected":false},"author":1,"featured_media":1210,"comment_status":"open","ping_status":"closed","sticky":false,"template":"","format":"standard","meta":{"jetpack_post_was_ever_published":false,"_jetpack_newsletter_access":"","_jetpack_dont_email_post_to_subs":false,"_jetpack_newsletter_tier_id":0,"_jetpack_memberships_contains_paywalled_content":false,"_jetpack_memberships_contains_paid_content":false,"footnotes":""},"categories":[9],"tags":[75,80,79],"class_list":["post-1183","post","type-post","status-publish","format-standard","has-post-thumbnail","hentry","category-vida_en_francia","tag-coronavirus-en-francia","tag-cuarentena","tag-vida-en-francia"],"yoast_head":"<!-- This site is optimized with the Yoast SEO plugin v24.2 - https:\/\/yoast.com\/wordpress\/plugins\/seo\/ -->\n<title>Diario d&#039;una cuarentena apocal\u00edptica sin precedentes<\/title>\n<meta name=\"description\" content=\"Los tiempos han cambiado desde este comienzo del 2020. Mi diario se convierte, en este post, en mi Diario d&#039;una cuarentena apocal\u00edptica sin precedentes.\" \/>\n<meta name=\"robots\" content=\"index, follow, max-snippet:-1, max-image-preview:large, max-video-preview:-1\" \/>\n<link rel=\"canonical\" href=\"https:\/\/www.ugocd.com\/blog\/2020\/03\/28\/diario-de-una-cuarentena-apocaliptica\/\" \/>\n<meta property=\"og:locale\" content=\"es_ES\" \/>\n<meta property=\"og:type\" content=\"article\" \/>\n<meta property=\"og:title\" content=\"Diario d&#039;una cuarentena apocal\u00edptica sin precedentes\" \/>\n<meta property=\"og:description\" content=\"Los tiempos han cambiado desde este comienzo del 2020. Mi diario se convierte, en este post, en mi Diario d&#039;una cuarentena apocal\u00edptica sin precedentes.\" \/>\n<meta property=\"og:url\" content=\"https:\/\/www.ugocd.com\/blog\/2020\/03\/28\/diario-de-una-cuarentena-apocaliptica\/\" \/>\n<meta property=\"og:site_name\" content=\"Ugo CD Blog | Diario de un pseudoartista\" \/>\n<meta property=\"article:published_time\" content=\"2020-03-28T16:42:59+00:00\" \/>\n<meta property=\"article:modified_time\" content=\"2020-03-28T16:43:03+00:00\" \/>\n<meta property=\"og:image\" content=\"https:\/\/www.ugocd.com\/blog\/wp-content\/uploads\/2020\/03\/diario-cuarentena-apocaliptica.png\" \/>\n\t<meta property=\"og:image:width\" content=\"1100\" \/>\n\t<meta property=\"og:image:height\" content=\"447\" \/>\n\t<meta property=\"og:image:type\" content=\"image\/png\" \/>\n<meta name=\"author\" content=\"Ugo CD\" \/>\n<meta name=\"twitter:card\" content=\"summary_large_image\" \/>\n<meta name=\"twitter:label1\" content=\"Written by\" \/>\n\t<meta name=\"twitter:data1\" content=\"Ugo CD\" \/>\n\t<meta name=\"twitter:label2\" content=\"Est. reading time\" \/>\n\t<meta name=\"twitter:data2\" content=\"4 minutos\" \/>\n<script type=\"application\/ld+json\" class=\"yoast-schema-graph\">{\"@context\":\"https:\/\/schema.org\",\"@graph\":[{\"@type\":\"Article\",\"@id\":\"https:\/\/www.ugocd.com\/blog\/2020\/03\/28\/diario-de-una-cuarentena-apocaliptica\/#article\",\"isPartOf\":{\"@id\":\"https:\/\/www.ugocd.com\/blog\/2020\/03\/28\/diario-de-una-cuarentena-apocaliptica\/\"},\"author\":{\"name\":\"Ugo CD\",\"@id\":\"https:\/\/www.ugocd.com\/blog\/#\/schema\/person\/90fa66a6432cc5ba1f2493479c15fa89\"},\"headline\":\"Diario d&#8217;una Cuarentena APOCAL\u00cdPTICA\",\"datePublished\":\"2020-03-28T16:42:59+00:00\",\"dateModified\":\"2020-03-28T16:43:03+00:00\",\"mainEntityOfPage\":{\"@id\":\"https:\/\/www.ugocd.com\/blog\/2020\/03\/28\/diario-de-una-cuarentena-apocaliptica\/\"},\"wordCount\":869,\"commentCount\":0,\"publisher\":{\"@id\":\"https:\/\/www.ugocd.com\/blog\/#\/schema\/person\/90fa66a6432cc5ba1f2493479c15fa89\"},\"image\":{\"@id\":\"https:\/\/www.ugocd.com\/blog\/2020\/03\/28\/diario-de-una-cuarentena-apocaliptica\/#primaryimage\"},\"thumbnailUrl\":\"https:\/\/www.ugocd.com\/blog\/wp-content\/uploads\/2020\/03\/diario-cuarentena-apocaliptica.png\",\"keywords\":[\"coronavirus en francia\",\"cuarentena\",\"vida en francia\"],\"articleSection\":[\"Francia\"],\"inLanguage\":\"es-PE\",\"potentialAction\":[{\"@type\":\"CommentAction\",\"name\":\"Comment\",\"target\":[\"https:\/\/www.ugocd.com\/blog\/2020\/03\/28\/diario-de-una-cuarentena-apocaliptica\/#respond\"]}]},{\"@type\":\"WebPage\",\"@id\":\"https:\/\/www.ugocd.com\/blog\/2020\/03\/28\/diario-de-una-cuarentena-apocaliptica\/\",\"url\":\"https:\/\/www.ugocd.com\/blog\/2020\/03\/28\/diario-de-una-cuarentena-apocaliptica\/\",\"name\":\"Diario d'una cuarentena apocal\u00edptica sin precedentes\",\"isPartOf\":{\"@id\":\"https:\/\/www.ugocd.com\/blog\/#website\"},\"primaryImageOfPage\":{\"@id\":\"https:\/\/www.ugocd.com\/blog\/2020\/03\/28\/diario-de-una-cuarentena-apocaliptica\/#primaryimage\"},\"image\":{\"@id\":\"https:\/\/www.ugocd.com\/blog\/2020\/03\/28\/diario-de-una-cuarentena-apocaliptica\/#primaryimage\"},\"thumbnailUrl\":\"https:\/\/www.ugocd.com\/blog\/wp-content\/uploads\/2020\/03\/diario-cuarentena-apocaliptica.png\",\"datePublished\":\"2020-03-28T16:42:59+00:00\",\"dateModified\":\"2020-03-28T16:43:03+00:00\",\"description\":\"Los tiempos han cambiado desde este comienzo del 2020. Mi diario se convierte, en este post, en mi Diario d'una cuarentena apocal\u00edptica sin precedentes.\",\"breadcrumb\":{\"@id\":\"https:\/\/www.ugocd.com\/blog\/2020\/03\/28\/diario-de-una-cuarentena-apocaliptica\/#breadcrumb\"},\"inLanguage\":\"es-PE\",\"potentialAction\":[{\"@type\":\"ReadAction\",\"target\":[\"https:\/\/www.ugocd.com\/blog\/2020\/03\/28\/diario-de-una-cuarentena-apocaliptica\/\"]}]},{\"@type\":\"ImageObject\",\"inLanguage\":\"es-PE\",\"@id\":\"https:\/\/www.ugocd.com\/blog\/2020\/03\/28\/diario-de-una-cuarentena-apocaliptica\/#primaryimage\",\"url\":\"https:\/\/www.ugocd.com\/blog\/wp-content\/uploads\/2020\/03\/diario-cuarentena-apocaliptica.png\",\"contentUrl\":\"https:\/\/www.ugocd.com\/blog\/wp-content\/uploads\/2020\/03\/diario-cuarentena-apocaliptica.png\",\"width\":1100,\"height\":447},{\"@type\":\"BreadcrumbList\",\"@id\":\"https:\/\/www.ugocd.com\/blog\/2020\/03\/28\/diario-de-una-cuarentena-apocaliptica\/#breadcrumb\",\"itemListElement\":[{\"@type\":\"ListItem\",\"position\":1,\"name\":\"Home\",\"item\":\"https:\/\/www.ugocd.com\/blog\/\"},{\"@type\":\"ListItem\",\"position\":2,\"name\":\"Francia\",\"item\":\"https:\/\/www.ugocd.com\/blog\/category\/vida_en_francia\/\"},{\"@type\":\"ListItem\",\"position\":3,\"name\":\"Diario d&#8217;una Cuarentena APOCAL\u00cdPTICA\"}]},{\"@type\":\"WebSite\",\"@id\":\"https:\/\/www.ugocd.com\/blog\/#website\",\"url\":\"https:\/\/www.ugocd.com\/blog\/\",\"name\":\"Ugo CD Blog | Diario de un pseudoartista\",\"description\":\"Experiencias personales y de Dise\u00f1o. Escribo de todo un poco en mi Diario de un pseudoartista.\",\"publisher\":{\"@id\":\"https:\/\/www.ugocd.com\/blog\/#\/schema\/person\/90fa66a6432cc5ba1f2493479c15fa89\"},\"potentialAction\":[{\"@type\":\"SearchAction\",\"target\":{\"@type\":\"EntryPoint\",\"urlTemplate\":\"https:\/\/www.ugocd.com\/blog\/?s={search_term_string}\"},\"query-input\":{\"@type\":\"PropertyValueSpecification\",\"valueRequired\":true,\"valueName\":\"search_term_string\"}}],\"inLanguage\":\"es-PE\"},{\"@type\":[\"Person\",\"Organization\"],\"@id\":\"https:\/\/www.ugocd.com\/blog\/#\/schema\/person\/90fa66a6432cc5ba1f2493479c15fa89\",\"name\":\"Ugo CD\",\"image\":{\"@type\":\"ImageObject\",\"inLanguage\":\"es-PE\",\"@id\":\"https:\/\/www.ugocd.com\/blog\/#\/schema\/person\/image\/\",\"url\":\"https:\/\/www.ugocd.com\/blog\/wp-content\/uploads\/2023\/10\/isotype-ugocd-color-bk-primary.svg\",\"contentUrl\":\"https:\/\/www.ugocd.com\/blog\/wp-content\/uploads\/2023\/10\/isotype-ugocd-color-bk-primary.svg\",\"width\":129,\"height\":152,\"caption\":\"Ugo CD\"},\"logo\":{\"@id\":\"https:\/\/www.ugocd.com\/blog\/#\/schema\/person\/image\/\"},\"description\":\"Me llamo Ugo CD, soy dise\u00f1ador gr\u00e1fico e ilustrador egresado de la Pontificia Universidad Cat\u00f3lica del Per\u00fa con un Master en lenguas extranjeras y comercio electr\u00f3nico en la UFC de Francia, con conocimiento intermedio en programaci\u00f3n, animaci\u00f3n e ilustraci\u00f3n. Experto en imaginar situaciones poco usuales en momentos bastante comunes.\",\"sameAs\":[\"https:\/\/www.ugocd.com\"],\"url\":\"https:\/\/www.ugocd.com\/blog\/author\/ennuyer\/\"}]}<\/script>\n<!-- \/ Yoast SEO plugin. -->","yoast_head_json":{"title":"Diario d'una cuarentena apocal\u00edptica sin precedentes","description":"Los tiempos han cambiado desde este comienzo del 2020. Mi diario se convierte, en este post, en mi Diario d'una cuarentena apocal\u00edptica sin precedentes.","robots":{"index":"index","follow":"follow","max-snippet":"max-snippet:-1","max-image-preview":"max-image-preview:large","max-video-preview":"max-video-preview:-1"},"canonical":"https:\/\/www.ugocd.com\/blog\/2020\/03\/28\/diario-de-una-cuarentena-apocaliptica\/","og_locale":"es_ES","og_type":"article","og_title":"Diario d'una cuarentena apocal\u00edptica sin precedentes","og_description":"Los tiempos han cambiado desde este comienzo del 2020. Mi diario se convierte, en este post, en mi Diario d'una cuarentena apocal\u00edptica sin precedentes.","og_url":"https:\/\/www.ugocd.com\/blog\/2020\/03\/28\/diario-de-una-cuarentena-apocaliptica\/","og_site_name":"Ugo CD Blog | Diario de un pseudoartista","article_published_time":"2020-03-28T16:42:59+00:00","article_modified_time":"2020-03-28T16:43:03+00:00","og_image":[{"width":1100,"height":447,"url":"https:\/\/www.ugocd.com\/blog\/wp-content\/uploads\/2020\/03\/diario-cuarentena-apocaliptica.png","type":"image\/png"}],"author":"Ugo CD","twitter_card":"summary_large_image","twitter_misc":{"Written by":"Ugo CD","Est. reading time":"4 minutos"},"schema":{"@context":"https:\/\/schema.org","@graph":[{"@type":"Article","@id":"https:\/\/www.ugocd.com\/blog\/2020\/03\/28\/diario-de-una-cuarentena-apocaliptica\/#article","isPartOf":{"@id":"https:\/\/www.ugocd.com\/blog\/2020\/03\/28\/diario-de-una-cuarentena-apocaliptica\/"},"author":{"name":"Ugo CD","@id":"https:\/\/www.ugocd.com\/blog\/#\/schema\/person\/90fa66a6432cc5ba1f2493479c15fa89"},"headline":"Diario d&#8217;una Cuarentena APOCAL\u00cdPTICA","datePublished":"2020-03-28T16:42:59+00:00","dateModified":"2020-03-28T16:43:03+00:00","mainEntityOfPage":{"@id":"https:\/\/www.ugocd.com\/blog\/2020\/03\/28\/diario-de-una-cuarentena-apocaliptica\/"},"wordCount":869,"commentCount":0,"publisher":{"@id":"https:\/\/www.ugocd.com\/blog\/#\/schema\/person\/90fa66a6432cc5ba1f2493479c15fa89"},"image":{"@id":"https:\/\/www.ugocd.com\/blog\/2020\/03\/28\/diario-de-una-cuarentena-apocaliptica\/#primaryimage"},"thumbnailUrl":"https:\/\/www.ugocd.com\/blog\/wp-content\/uploads\/2020\/03\/diario-cuarentena-apocaliptica.png","keywords":["coronavirus en francia","cuarentena","vida en francia"],"articleSection":["Francia"],"inLanguage":"es-PE","potentialAction":[{"@type":"CommentAction","name":"Comment","target":["https:\/\/www.ugocd.com\/blog\/2020\/03\/28\/diario-de-una-cuarentena-apocaliptica\/#respond"]}]},{"@type":"WebPage","@id":"https:\/\/www.ugocd.com\/blog\/2020\/03\/28\/diario-de-una-cuarentena-apocaliptica\/","url":"https:\/\/www.ugocd.com\/blog\/2020\/03\/28\/diario-de-una-cuarentena-apocaliptica\/","name":"Diario d'una cuarentena apocal\u00edptica sin precedentes","isPartOf":{"@id":"https:\/\/www.ugocd.com\/blog\/#website"},"primaryImageOfPage":{"@id":"https:\/\/www.ugocd.com\/blog\/2020\/03\/28\/diario-de-una-cuarentena-apocaliptica\/#primaryimage"},"image":{"@id":"https:\/\/www.ugocd.com\/blog\/2020\/03\/28\/diario-de-una-cuarentena-apocaliptica\/#primaryimage"},"thumbnailUrl":"https:\/\/www.ugocd.com\/blog\/wp-content\/uploads\/2020\/03\/diario-cuarentena-apocaliptica.png","datePublished":"2020-03-28T16:42:59+00:00","dateModified":"2020-03-28T16:43:03+00:00","description":"Los tiempos han cambiado desde este comienzo del 2020. Mi diario se convierte, en este post, en mi Diario d'una cuarentena apocal\u00edptica sin precedentes.","breadcrumb":{"@id":"https:\/\/www.ugocd.com\/blog\/2020\/03\/28\/diario-de-una-cuarentena-apocaliptica\/#breadcrumb"},"inLanguage":"es-PE","potentialAction":[{"@type":"ReadAction","target":["https:\/\/www.ugocd.com\/blog\/2020\/03\/28\/diario-de-una-cuarentena-apocaliptica\/"]}]},{"@type":"ImageObject","inLanguage":"es-PE","@id":"https:\/\/www.ugocd.com\/blog\/2020\/03\/28\/diario-de-una-cuarentena-apocaliptica\/#primaryimage","url":"https:\/\/www.ugocd.com\/blog\/wp-content\/uploads\/2020\/03\/diario-cuarentena-apocaliptica.png","contentUrl":"https:\/\/www.ugocd.com\/blog\/wp-content\/uploads\/2020\/03\/diario-cuarentena-apocaliptica.png","width":1100,"height":447},{"@type":"BreadcrumbList","@id":"https:\/\/www.ugocd.com\/blog\/2020\/03\/28\/diario-de-una-cuarentena-apocaliptica\/#breadcrumb","itemListElement":[{"@type":"ListItem","position":1,"name":"Home","item":"https:\/\/www.ugocd.com\/blog\/"},{"@type":"ListItem","position":2,"name":"Francia","item":"https:\/\/www.ugocd.com\/blog\/category\/vida_en_francia\/"},{"@type":"ListItem","position":3,"name":"Diario d&#8217;una Cuarentena APOCAL\u00cdPTICA"}]},{"@type":"WebSite","@id":"https:\/\/www.ugocd.com\/blog\/#website","url":"https:\/\/www.ugocd.com\/blog\/","name":"Ugo CD Blog | Diario de un pseudoartista","description":"Experiencias personales y de Dise\u00f1o. Escribo de todo un poco en mi Diario de un pseudoartista.","publisher":{"@id":"https:\/\/www.ugocd.com\/blog\/#\/schema\/person\/90fa66a6432cc5ba1f2493479c15fa89"},"potentialAction":[{"@type":"SearchAction","target":{"@type":"EntryPoint","urlTemplate":"https:\/\/www.ugocd.com\/blog\/?s={search_term_string}"},"query-input":{"@type":"PropertyValueSpecification","valueRequired":true,"valueName":"search_term_string"}}],"inLanguage":"es-PE"},{"@type":["Person","Organization"],"@id":"https:\/\/www.ugocd.com\/blog\/#\/schema\/person\/90fa66a6432cc5ba1f2493479c15fa89","name":"Ugo CD","image":{"@type":"ImageObject","inLanguage":"es-PE","@id":"https:\/\/www.ugocd.com\/blog\/#\/schema\/person\/image\/","url":"https:\/\/www.ugocd.com\/blog\/wp-content\/uploads\/2023\/10\/isotype-ugocd-color-bk-primary.svg","contentUrl":"https:\/\/www.ugocd.com\/blog\/wp-content\/uploads\/2023\/10\/isotype-ugocd-color-bk-primary.svg","width":129,"height":152,"caption":"Ugo CD"},"logo":{"@id":"https:\/\/www.ugocd.com\/blog\/#\/schema\/person\/image\/"},"description":"Me llamo Ugo CD, soy dise\u00f1ador gr\u00e1fico e ilustrador egresado de la Pontificia Universidad Cat\u00f3lica del Per\u00fa con un Master en lenguas extranjeras y comercio electr\u00f3nico en la UFC de Francia, con conocimiento intermedio en programaci\u00f3n, animaci\u00f3n e ilustraci\u00f3n. Experto en imaginar situaciones poco usuales en momentos bastante comunes.","sameAs":["https:\/\/www.ugocd.com"],"url":"https:\/\/www.ugocd.com\/blog\/author\/ennuyer\/"}]}},"jetpack_featured_media_url":"https:\/\/www.ugocd.com\/blog\/wp-content\/uploads\/2020\/03\/diario-cuarentena-apocaliptica.png","jetpack_shortlink":"https:\/\/wp.me\/p9iKuR-j5","jetpack_sharing_enabled":true,"_links":{"self":[{"href":"https:\/\/www.ugocd.com\/blog\/wp-json\/wp\/v2\/posts\/1183","targetHints":{"allow":["GET"]}}],"collection":[{"href":"https:\/\/www.ugocd.com\/blog\/wp-json\/wp\/v2\/posts"}],"about":[{"href":"https:\/\/www.ugocd.com\/blog\/wp-json\/wp\/v2\/types\/post"}],"author":[{"embeddable":true,"href":"https:\/\/www.ugocd.com\/blog\/wp-json\/wp\/v2\/users\/1"}],"replies":[{"embeddable":true,"href":"https:\/\/www.ugocd.com\/blog\/wp-json\/wp\/v2\/comments?post=1183"}],"version-history":[{"count":27,"href":"https:\/\/www.ugocd.com\/blog\/wp-json\/wp\/v2\/posts\/1183\/revisions"}],"predecessor-version":[{"id":1212,"href":"https:\/\/www.ugocd.com\/blog\/wp-json\/wp\/v2\/posts\/1183\/revisions\/1212"}],"wp:featuredmedia":[{"embeddable":true,"href":"https:\/\/www.ugocd.com\/blog\/wp-json\/wp\/v2\/media\/1210"}],"wp:attachment":[{"href":"https:\/\/www.ugocd.com\/blog\/wp-json\/wp\/v2\/media?parent=1183"}],"wp:term":[{"taxonomy":"category","embeddable":true,"href":"https:\/\/www.ugocd.com\/blog\/wp-json\/wp\/v2\/categories?post=1183"},{"taxonomy":"post_tag","embeddable":true,"href":"https:\/\/www.ugocd.com\/blog\/wp-json\/wp\/v2\/tags?post=1183"}],"curies":[{"name":"wp","href":"https:\/\/api.w.org\/{rel}","templated":true}]}}