{"id":1223,"date":"2026-01-11T11:39:21","date_gmt":"2026-01-11T11:39:21","guid":{"rendered":"https:\/\/www.ugocd.com\/blog\/?p=1223"},"modified":"2026-01-11T11:45:08","modified_gmt":"2026-01-11T11:45:08","slug":"pandemia-francia-confinamiento","status":"publish","type":"post","link":"https:\/\/www.ugocd.com\/blog\/2026\/01\/11\/pandemia-francia-confinamiento\/","title":{"rendered":"Reflexiones sobre la pandemia: 6 a\u00f1os despu\u00e9s"},"content":{"rendered":"\n<p>Han pasado 6 a\u00f1os desde que escribo estas l\u00edneas.<\/p>\n\n\n\n<p>Todo el a\u00f1o 2020 pas\u00f3 en un abrir y cerrar de ojos. Sin embargo, al mismo tiempo, sent\u00ed que todo avanzaba con una lentitud interminable. <strong>La pandemia del COVID-19<\/strong> cambi\u00f3 nuestra percepci\u00f3n del tiempo y de la vida cotidiana.<\/p>\n\n\n\n<p>Vivimos momentos de mucha incertidumbre, especialmente cuando eres extranjero y est\u00e1s lejos de tu familia. Pasar el confinamiento en un pa\u00eds que no es el tuyo implica un aislamiento doble: f\u00edsico y emocional.<\/p>\n\n\n\n<p>Afortunadamente, no estuve solo. Viv\u00ed la pandemia en Francia junto a mi novio.<\/p>\n\n\n\n<h2 class=\"wp-block-heading\">El inicio del confinamiento en Francia<\/h2>\n\n\n\n<p>Recuerdo claramente el d\u00eda en que Emmanuel Macron dio su discurso por televisi\u00f3n anunciando el confinamiento total y el inicio del teletrabajo obligatorio. En ese momento, mi pareja y yo est\u00e1bamos en mi apartamento y decidimos que pasar\u00edamos juntos esta pandemia.<\/p>\n\n\n\n<p>Como muchos, pensamos que ser\u00eda algo temporal. Nos equivocamos.<\/p>\n\n\n\n<p>Antes del COVID-19, yo viv\u00eda solo. Hab\u00edamos planeado mudarnos juntos, pero no tan pronto. Mis padres incluso pensaban venir a visitarme y quedarse en mi peque\u00f1o pero acogedor apartamento de 27 metros cuadrados, ubicado cerca de un museo de cinematograf\u00eda en Francia al que, curiosamente, a\u00fan no he entrado.<\/p>\n\n\n\n<p>\u2014Nuestra primera pandemia juntos \u2014le dije medio en broma.<\/p>\n\n\n\n<h2 class=\"wp-block-heading\">La pandemia como una pel\u00edcula apocal\u00edptica<\/h2>\n\n\n\n<p>Todo parec\u00eda una pel\u00edcula de ciencia ficci\u00f3n: un virus que se propagaba r\u00e1pidamente por todo el planeta y obligaba a la poblaci\u00f3n mundial a encerrarse. No sab\u00edamos c\u00f3mo afectar\u00eda el COVID-19 al cuerpo humano, cu\u00e1ndo llegar\u00eda una vacuna ni c\u00f3mo hab\u00eda comenzado exactamente.<\/p>\n\n\n\n<p>Durante los primeros d\u00edas del confinamiento sent\u00eda que estaba so\u00f1ando.<\/p>\n\n\n\n<p>Semanas antes de que la situaci\u00f3n fuera declarada pandemia mundial, habl\u00e9 con mi padre. Le cont\u00e9 lo que estaba ocurriendo en Francia y le advert\u00ed que estuviera atento. Su respuesta fue clara:<\/p>\n\n\n\n<p>\u2014Eso no va a llegar hasta aqu\u00ed.<\/p>\n\n\n\n<p>Lleg\u00f3.<\/p>\n\n\n\n<h2 class=\"wp-block-heading\">Las primeras semanas del confinamiento por COVID-19<\/h2>\n\n\n\n<p>Durante las dos primeras semanas salimos solo una vez para comprar lo esencial. Decidimos reducir al m\u00e1ximo las salidas. En ese momento, no us\u00e1bamos mascarilla, ya que exist\u00eda mucha confusi\u00f3n sobre su eficacia. Incluso representantes del gobierno minimizaron su importancia.<\/p>\n\n\n\n<p>El tiempo demostr\u00f3 que fue un error.<\/p>\n\n\n\n<h2 class=\"wp-block-heading\">Teletrabajo durante la pandemia<\/h2>\n\n\n\n<p>Con el confinamiento lleg\u00f3 el teletrabajo. Los d\u00edas pasaban lento y r\u00e1pido a la vez. Al inicio fue agotador, pero poco a poco nos adaptamos.<\/p>\n\n\n\n<p>Mi novio comenz\u00f3 a cocinar m\u00e1s, especialmente tortas y postres. Yo cre\u00e9 un TikTok donde compart\u00eda sus recetas. Buscamos formas de mantenernos positivos.<\/p>\n\n\n\n<p>Aprovech\u00e9 ese tiempo para terminar mi webc\u00f3mic <em>Infinidad<\/em>, un proyecto personal que hab\u00eda postergado durante a\u00f1os por falta de tiempo. La pandemia me dio, parad\u00f3jicamente, el espacio para cerrarlo.<\/p>\n\n\n\n<h2 class=\"wp-block-heading\">Adaptarse a las nuevas normas<\/h2>\n\n\n\n<p>Con el paso de las semanas, comenzamos a disfrutar peque\u00f1os momentos. Sal\u00edamos a caminar al parque cercano, con un l\u00edmite de una hora y un permiso obligatorio. Luego ese sistema se transform\u00f3 en una aplicaci\u00f3n oficial, hoy conocida como TousAntiCovid.<\/p>\n\n\n\n<p>Entre redes sociales, aperitivos en casa, maratones de series como <em>How I Met Your Mother<\/em> y <em>Desperate Housewives<\/em>, y una Navidad lejos de mi familia en Per\u00fa, pasaron dos confinamientos.<\/p>\n\n\n\n<h2 class=\"wp-block-heading\">Convivencia con el virus<\/h2>\n\n\n\n<p>Entre ambos confinamientos hubo un periodo de menor n\u00famero de contagios. Aprovechamos para viajar por el centro de Francia y Normand\u00eda. El segundo confinamiento fue m\u00e1s largo, pero menos estricto.<\/p>\n\n\n\n<p>Poco a poco, aprendimos a convivir con el virus.<\/p>\n\n\n\n<h2 class=\"wp-block-heading\">Vacunaci\u00f3n contra el COVID-19 en Francia<\/h2>\n\n\n\n<p>La vacunaci\u00f3n comenz\u00f3 a principios de 2021. Cuando se abri\u00f3 para personas menores de 40 a\u00f1os, fui de los primeros en vacunarme. Ten\u00eda planeado viajar a Per\u00fa y quer\u00eda hacerlo protegido.<\/p>\n\n\n\n<p>No desconf\u00edo de las vacunas. Entiendo que haya dudas, pero personalmente conf\u00edo en la ciencia y no creo en teor\u00edas conspirativas.<\/p>\n\n\n\n<p>Actualmente, para acceder a cines, teatros, gimnasios y restaurantes en Europa, es necesario presentar un c\u00f3digo QR desde la aplicaci\u00f3n TousAntiCovid. Aunque genera debate, a m\u00ed me aporta una mayor sensaci\u00f3n de seguridad.<\/p>\n\n\n\n<h2 class=\"wp-block-heading\">Responsabilidad colectiva<\/h2>\n\n\n\n<p>Desde el inicio entend\u00ed que este virus no se pod\u00eda vencer de forma individual. Solo de manera colectiva.<\/p>\n\n\n\n<p>Muchos h\u00e1bitos cambiaron: los saludos con besos o apretones de mano, la cercan\u00eda f\u00edsica, la higiene constante y el uso de mascarillas. Lamentablemente, estos cambios llegaron despu\u00e9s de que muchas personas perdieran la vida.<\/p>\n\n\n\n<p>La gente, muchas veces, no cree hasta que le ocurre a alguien cercano.<\/p>\n\n\n\n<h2 class=\"wp-block-heading\">El cap\u00edtulo final<\/h2>\n\n\n\n<p>La pandemia continu\u00f3, pero actualmente no se habla sobre esto. La noticias han sido reemplazadas por guerras y temas politicos tensos.<\/p>\n\n\n\n<p>No se qu\u00e9 es peor&#8230;<\/p>\n\n\n\n<p>Uno de los efectos positivos ha sido la consolidaci\u00f3n del teletrabajo, una modalidad que disfruto mucho. En este nuevo trabajo tengo m\u00e1ximo dos d\u00edas y los disfruto mucho. Me gusta tener esa versatilidad con el espacio de trabajo.<\/p>\n\n\n\n<p>El impacto social fue enorme en un principio, y si bien hay un antes y despu\u00e9s, pareciera que como una catarsis social de gran escala este tema ha quedado relegado a algo anecd\u00f3tico, otros temas explotaron luego como el desarrollo de la IA (#ghibliAI) o las guerras y toman actualmente protagonismo.<\/p>\n\n\n\n<p>Quiz\u00e1s finalmente la pandemia no cierre el cap\u00edtulo final de la humanidad pero la que se empieza a tejer con la division de ideolog\u00edas de derechas e izquierdas. <\/p>\n\n\n\n<p><br>Conmigo ser\u00e1 hasta un pr\u00f3ximo post.<\/p>\n\n\n\n<p>\u00c0 bient\u00f4t,<\/p>\n\n\n\n<p><strong>Ugo CD<\/strong><br><a href=\"https:\/\/www.ugocd.com\/\">Dise\u00f1ador gr\u00e1fico freelance<\/a><\/p>\n\n\n\n<p><\/p>\n","protected":false},"excerpt":{"rendered":"<p>Han pasado 6 a\u00f1os desde que escribo estas l\u00edneas. Todo el a\u00f1o 2020 pas\u00f3 en un abrir y cerrar de ojos. Sin embargo, al mismo tiempo, sent\u00ed que todo avanzaba con una lentitud interminable. La pandemia del COVID-19 cambi\u00f3 nuestra percepci\u00f3n del tiempo y de la vida cotidiana. Vivimos momentos de mucha incertidumbre, especialmente cuando [&hellip;]<\/p>\n","protected":false},"author":1,"featured_media":2032,"comment_status":"open","ping_status":"closed","sticky":false,"template":"","format":"standard","meta":{"jetpack_post_was_ever_published":false,"_jetpack_newsletter_access":"","_jetpack_dont_email_post_to_subs":false,"_jetpack_newsletter_tier_id":0,"_jetpack_memberships_contains_paywalled_content":false,"_jetpack_memberships_contains_paid_content":false,"footnotes":""},"categories":[9],"tags":[75,82],"class_list":["post-1223","post","type-post","status-publish","format-standard","has-post-thumbnail","hentry","category-vida_en_francia","tag-coronavirus-en-francia","tag-pandemia"],"yoast_head":"<!-- This site is optimized with the Yoast SEO plugin v24.2 - https:\/\/yoast.com\/wordpress\/plugins\/seo\/ -->\n<title>Reflexiones sobre la pandemia: 6 a\u00f1os despu\u00e9s<\/title>\n<meta name=\"description\" content=\"Recuento de la Pandemia \u00bfC\u00f3mo la pase en Francia y c\u00f3mo me parece se perfila el futuro pr\u00f3ximo.\" \/>\n<meta name=\"robots\" content=\"index, follow, max-snippet:-1, max-image-preview:large, max-video-preview:-1\" \/>\n<link rel=\"canonical\" href=\"https:\/\/www.ugocd.com\/blog\/2026\/01\/11\/pandemia-francia-confinamiento\/\" \/>\n<meta property=\"og:locale\" content=\"es_ES\" \/>\n<meta property=\"og:type\" content=\"article\" \/>\n<meta property=\"og:title\" content=\"Reflexiones sobre la pandemia: 6 a\u00f1os despu\u00e9s\" \/>\n<meta property=\"og:description\" content=\"Recuento de la Pandemia \u00bfC\u00f3mo la pase en Francia y c\u00f3mo me parece se perfila el futuro pr\u00f3ximo.\" \/>\n<meta property=\"og:url\" content=\"https:\/\/www.ugocd.com\/blog\/2026\/01\/11\/pandemia-francia-confinamiento\/\" \/>\n<meta property=\"og:site_name\" content=\"Ugo CD Blog | Diario de un pseudoartista\" \/>\n<meta property=\"article:published_time\" content=\"2026-01-11T11:39:21+00:00\" \/>\n<meta property=\"article:modified_time\" content=\"2026-01-11T11:45:08+00:00\" \/>\n<meta property=\"og:image\" content=\"https:\/\/www.ugocd.com\/blog\/wp-content\/uploads\/2026\/01\/pandemia-2020-ugocd-1024x683.png\" \/>\n\t<meta property=\"og:image:width\" content=\"1024\" \/>\n\t<meta property=\"og:image:height\" content=\"683\" \/>\n\t<meta property=\"og:image:type\" content=\"image\/png\" \/>\n<meta name=\"author\" content=\"Ugo CD\" \/>\n<meta name=\"twitter:card\" content=\"summary_large_image\" \/>\n<meta name=\"twitter:label1\" content=\"Written by\" \/>\n\t<meta name=\"twitter:data1\" content=\"Ugo CD\" \/>\n\t<meta name=\"twitter:label2\" content=\"Est. reading time\" \/>\n\t<meta name=\"twitter:data2\" content=\"5 minutos\" \/>\n<script type=\"application\/ld+json\" class=\"yoast-schema-graph\">{\"@context\":\"https:\/\/schema.org\",\"@graph\":[{\"@type\":\"Article\",\"@id\":\"https:\/\/www.ugocd.com\/blog\/2026\/01\/11\/pandemia-francia-confinamiento\/#article\",\"isPartOf\":{\"@id\":\"https:\/\/www.ugocd.com\/blog\/2026\/01\/11\/pandemia-francia-confinamiento\/\"},\"author\":{\"name\":\"Ugo CD\",\"@id\":\"https:\/\/www.ugocd.com\/blog\/#\/schema\/person\/90fa66a6432cc5ba1f2493479c15fa89\"},\"headline\":\"Reflexiones sobre la pandemia: 6 a\u00f1os despu\u00e9s\",\"datePublished\":\"2026-01-11T11:39:21+00:00\",\"dateModified\":\"2026-01-11T11:45:08+00:00\",\"mainEntityOfPage\":{\"@id\":\"https:\/\/www.ugocd.com\/blog\/2026\/01\/11\/pandemia-francia-confinamiento\/\"},\"wordCount\":962,\"commentCount\":0,\"publisher\":{\"@id\":\"https:\/\/www.ugocd.com\/blog\/#\/schema\/person\/90fa66a6432cc5ba1f2493479c15fa89\"},\"image\":{\"@id\":\"https:\/\/www.ugocd.com\/blog\/2026\/01\/11\/pandemia-francia-confinamiento\/#primaryimage\"},\"thumbnailUrl\":\"https:\/\/www.ugocd.com\/blog\/wp-content\/uploads\/2026\/01\/pandemia-2020-ugocd.png\",\"keywords\":[\"coronavirus en francia\",\"pandemia\"],\"articleSection\":[\"Francia\"],\"inLanguage\":\"es-PE\",\"potentialAction\":[{\"@type\":\"CommentAction\",\"name\":\"Comment\",\"target\":[\"https:\/\/www.ugocd.com\/blog\/2026\/01\/11\/pandemia-francia-confinamiento\/#respond\"]}]},{\"@type\":\"WebPage\",\"@id\":\"https:\/\/www.ugocd.com\/blog\/2026\/01\/11\/pandemia-francia-confinamiento\/\",\"url\":\"https:\/\/www.ugocd.com\/blog\/2026\/01\/11\/pandemia-francia-confinamiento\/\",\"name\":\"Reflexiones sobre la pandemia: 6 a\u00f1os despu\u00e9s\",\"isPartOf\":{\"@id\":\"https:\/\/www.ugocd.com\/blog\/#website\"},\"primaryImageOfPage\":{\"@id\":\"https:\/\/www.ugocd.com\/blog\/2026\/01\/11\/pandemia-francia-confinamiento\/#primaryimage\"},\"image\":{\"@id\":\"https:\/\/www.ugocd.com\/blog\/2026\/01\/11\/pandemia-francia-confinamiento\/#primaryimage\"},\"thumbnailUrl\":\"https:\/\/www.ugocd.com\/blog\/wp-content\/uploads\/2026\/01\/pandemia-2020-ugocd.png\",\"datePublished\":\"2026-01-11T11:39:21+00:00\",\"dateModified\":\"2026-01-11T11:45:08+00:00\",\"description\":\"Recuento de la Pandemia \u00bfC\u00f3mo la pase en Francia y c\u00f3mo me parece se perfila el futuro pr\u00f3ximo.\",\"breadcrumb\":{\"@id\":\"https:\/\/www.ugocd.com\/blog\/2026\/01\/11\/pandemia-francia-confinamiento\/#breadcrumb\"},\"inLanguage\":\"es-PE\",\"potentialAction\":[{\"@type\":\"ReadAction\",\"target\":[\"https:\/\/www.ugocd.com\/blog\/2026\/01\/11\/pandemia-francia-confinamiento\/\"]}]},{\"@type\":\"ImageObject\",\"inLanguage\":\"es-PE\",\"@id\":\"https:\/\/www.ugocd.com\/blog\/2026\/01\/11\/pandemia-francia-confinamiento\/#primaryimage\",\"url\":\"https:\/\/www.ugocd.com\/blog\/wp-content\/uploads\/2026\/01\/pandemia-2020-ugocd.png\",\"contentUrl\":\"https:\/\/www.ugocd.com\/blog\/wp-content\/uploads\/2026\/01\/pandemia-2020-ugocd.png\",\"width\":1536,\"height\":1024,\"caption\":\"pandemia\"},{\"@type\":\"BreadcrumbList\",\"@id\":\"https:\/\/www.ugocd.com\/blog\/2026\/01\/11\/pandemia-francia-confinamiento\/#breadcrumb\",\"itemListElement\":[{\"@type\":\"ListItem\",\"position\":1,\"name\":\"Home\",\"item\":\"https:\/\/www.ugocd.com\/blog\/\"},{\"@type\":\"ListItem\",\"position\":2,\"name\":\"Francia\",\"item\":\"https:\/\/www.ugocd.com\/blog\/category\/vida_en_francia\/\"},{\"@type\":\"ListItem\",\"position\":3,\"name\":\"Reflexiones sobre la pandemia: 6 a\u00f1os despu\u00e9s\"}]},{\"@type\":\"WebSite\",\"@id\":\"https:\/\/www.ugocd.com\/blog\/#website\",\"url\":\"https:\/\/www.ugocd.com\/blog\/\",\"name\":\"Ugo CD Blog | Diario de un pseudoartista\",\"description\":\"Experiencias personales y de Dise\u00f1o. Escribo de todo un poco en mi Diario de un pseudoartista.\",\"publisher\":{\"@id\":\"https:\/\/www.ugocd.com\/blog\/#\/schema\/person\/90fa66a6432cc5ba1f2493479c15fa89\"},\"potentialAction\":[{\"@type\":\"SearchAction\",\"target\":{\"@type\":\"EntryPoint\",\"urlTemplate\":\"https:\/\/www.ugocd.com\/blog\/?s={search_term_string}\"},\"query-input\":{\"@type\":\"PropertyValueSpecification\",\"valueRequired\":true,\"valueName\":\"search_term_string\"}}],\"inLanguage\":\"es-PE\"},{\"@type\":[\"Person\",\"Organization\"],\"@id\":\"https:\/\/www.ugocd.com\/blog\/#\/schema\/person\/90fa66a6432cc5ba1f2493479c15fa89\",\"name\":\"Ugo CD\",\"image\":{\"@type\":\"ImageObject\",\"inLanguage\":\"es-PE\",\"@id\":\"https:\/\/www.ugocd.com\/blog\/#\/schema\/person\/image\/\",\"url\":\"https:\/\/www.ugocd.com\/blog\/wp-content\/uploads\/2023\/10\/isotype-ugocd-color-bk-primary.svg\",\"contentUrl\":\"https:\/\/www.ugocd.com\/blog\/wp-content\/uploads\/2023\/10\/isotype-ugocd-color-bk-primary.svg\",\"width\":129,\"height\":152,\"caption\":\"Ugo CD\"},\"logo\":{\"@id\":\"https:\/\/www.ugocd.com\/blog\/#\/schema\/person\/image\/\"},\"description\":\"Me llamo Ugo CD, soy dise\u00f1ador gr\u00e1fico e ilustrador egresado de la Pontificia Universidad Cat\u00f3lica del Per\u00fa con un Master en lenguas extranjeras y comercio electr\u00f3nico en la UFC de Francia, con conocimiento intermedio en programaci\u00f3n, animaci\u00f3n e ilustraci\u00f3n. Experto en imaginar situaciones poco usuales en momentos bastante comunes.\",\"sameAs\":[\"https:\/\/www.ugocd.com\"],\"url\":\"https:\/\/www.ugocd.com\/blog\/author\/ennuyer\/\"}]}<\/script>\n<!-- \/ Yoast SEO plugin. -->","yoast_head_json":{"title":"Reflexiones sobre la pandemia: 6 a\u00f1os despu\u00e9s","description":"Recuento de la Pandemia \u00bfC\u00f3mo la pase en Francia y c\u00f3mo me parece se perfila el futuro pr\u00f3ximo.","robots":{"index":"index","follow":"follow","max-snippet":"max-snippet:-1","max-image-preview":"max-image-preview:large","max-video-preview":"max-video-preview:-1"},"canonical":"https:\/\/www.ugocd.com\/blog\/2026\/01\/11\/pandemia-francia-confinamiento\/","og_locale":"es_ES","og_type":"article","og_title":"Reflexiones sobre la pandemia: 6 a\u00f1os despu\u00e9s","og_description":"Recuento de la Pandemia \u00bfC\u00f3mo la pase en Francia y c\u00f3mo me parece se perfila el futuro pr\u00f3ximo.","og_url":"https:\/\/www.ugocd.com\/blog\/2026\/01\/11\/pandemia-francia-confinamiento\/","og_site_name":"Ugo CD Blog | Diario de un pseudoartista","article_published_time":"2026-01-11T11:39:21+00:00","article_modified_time":"2026-01-11T11:45:08+00:00","og_image":[{"width":1024,"height":683,"url":"https:\/\/www.ugocd.com\/blog\/wp-content\/uploads\/2026\/01\/pandemia-2020-ugocd-1024x683.png","type":"image\/png"}],"author":"Ugo CD","twitter_card":"summary_large_image","twitter_misc":{"Written by":"Ugo CD","Est. reading time":"5 minutos"},"schema":{"@context":"https:\/\/schema.org","@graph":[{"@type":"Article","@id":"https:\/\/www.ugocd.com\/blog\/2026\/01\/11\/pandemia-francia-confinamiento\/#article","isPartOf":{"@id":"https:\/\/www.ugocd.com\/blog\/2026\/01\/11\/pandemia-francia-confinamiento\/"},"author":{"name":"Ugo CD","@id":"https:\/\/www.ugocd.com\/blog\/#\/schema\/person\/90fa66a6432cc5ba1f2493479c15fa89"},"headline":"Reflexiones sobre la pandemia: 6 a\u00f1os despu\u00e9s","datePublished":"2026-01-11T11:39:21+00:00","dateModified":"2026-01-11T11:45:08+00:00","mainEntityOfPage":{"@id":"https:\/\/www.ugocd.com\/blog\/2026\/01\/11\/pandemia-francia-confinamiento\/"},"wordCount":962,"commentCount":0,"publisher":{"@id":"https:\/\/www.ugocd.com\/blog\/#\/schema\/person\/90fa66a6432cc5ba1f2493479c15fa89"},"image":{"@id":"https:\/\/www.ugocd.com\/blog\/2026\/01\/11\/pandemia-francia-confinamiento\/#primaryimage"},"thumbnailUrl":"https:\/\/www.ugocd.com\/blog\/wp-content\/uploads\/2026\/01\/pandemia-2020-ugocd.png","keywords":["coronavirus en francia","pandemia"],"articleSection":["Francia"],"inLanguage":"es-PE","potentialAction":[{"@type":"CommentAction","name":"Comment","target":["https:\/\/www.ugocd.com\/blog\/2026\/01\/11\/pandemia-francia-confinamiento\/#respond"]}]},{"@type":"WebPage","@id":"https:\/\/www.ugocd.com\/blog\/2026\/01\/11\/pandemia-francia-confinamiento\/","url":"https:\/\/www.ugocd.com\/blog\/2026\/01\/11\/pandemia-francia-confinamiento\/","name":"Reflexiones sobre la pandemia: 6 a\u00f1os despu\u00e9s","isPartOf":{"@id":"https:\/\/www.ugocd.com\/blog\/#website"},"primaryImageOfPage":{"@id":"https:\/\/www.ugocd.com\/blog\/2026\/01\/11\/pandemia-francia-confinamiento\/#primaryimage"},"image":{"@id":"https:\/\/www.ugocd.com\/blog\/2026\/01\/11\/pandemia-francia-confinamiento\/#primaryimage"},"thumbnailUrl":"https:\/\/www.ugocd.com\/blog\/wp-content\/uploads\/2026\/01\/pandemia-2020-ugocd.png","datePublished":"2026-01-11T11:39:21+00:00","dateModified":"2026-01-11T11:45:08+00:00","description":"Recuento de la Pandemia \u00bfC\u00f3mo la pase en Francia y c\u00f3mo me parece se perfila el futuro pr\u00f3ximo.","breadcrumb":{"@id":"https:\/\/www.ugocd.com\/blog\/2026\/01\/11\/pandemia-francia-confinamiento\/#breadcrumb"},"inLanguage":"es-PE","potentialAction":[{"@type":"ReadAction","target":["https:\/\/www.ugocd.com\/blog\/2026\/01\/11\/pandemia-francia-confinamiento\/"]}]},{"@type":"ImageObject","inLanguage":"es-PE","@id":"https:\/\/www.ugocd.com\/blog\/2026\/01\/11\/pandemia-francia-confinamiento\/#primaryimage","url":"https:\/\/www.ugocd.com\/blog\/wp-content\/uploads\/2026\/01\/pandemia-2020-ugocd.png","contentUrl":"https:\/\/www.ugocd.com\/blog\/wp-content\/uploads\/2026\/01\/pandemia-2020-ugocd.png","width":1536,"height":1024,"caption":"pandemia"},{"@type":"BreadcrumbList","@id":"https:\/\/www.ugocd.com\/blog\/2026\/01\/11\/pandemia-francia-confinamiento\/#breadcrumb","itemListElement":[{"@type":"ListItem","position":1,"name":"Home","item":"https:\/\/www.ugocd.com\/blog\/"},{"@type":"ListItem","position":2,"name":"Francia","item":"https:\/\/www.ugocd.com\/blog\/category\/vida_en_francia\/"},{"@type":"ListItem","position":3,"name":"Reflexiones sobre la pandemia: 6 a\u00f1os despu\u00e9s"}]},{"@type":"WebSite","@id":"https:\/\/www.ugocd.com\/blog\/#website","url":"https:\/\/www.ugocd.com\/blog\/","name":"Ugo CD Blog | Diario de un pseudoartista","description":"Experiencias personales y de Dise\u00f1o. Escribo de todo un poco en mi Diario de un pseudoartista.","publisher":{"@id":"https:\/\/www.ugocd.com\/blog\/#\/schema\/person\/90fa66a6432cc5ba1f2493479c15fa89"},"potentialAction":[{"@type":"SearchAction","target":{"@type":"EntryPoint","urlTemplate":"https:\/\/www.ugocd.com\/blog\/?s={search_term_string}"},"query-input":{"@type":"PropertyValueSpecification","valueRequired":true,"valueName":"search_term_string"}}],"inLanguage":"es-PE"},{"@type":["Person","Organization"],"@id":"https:\/\/www.ugocd.com\/blog\/#\/schema\/person\/90fa66a6432cc5ba1f2493479c15fa89","name":"Ugo CD","image":{"@type":"ImageObject","inLanguage":"es-PE","@id":"https:\/\/www.ugocd.com\/blog\/#\/schema\/person\/image\/","url":"https:\/\/www.ugocd.com\/blog\/wp-content\/uploads\/2023\/10\/isotype-ugocd-color-bk-primary.svg","contentUrl":"https:\/\/www.ugocd.com\/blog\/wp-content\/uploads\/2023\/10\/isotype-ugocd-color-bk-primary.svg","width":129,"height":152,"caption":"Ugo CD"},"logo":{"@id":"https:\/\/www.ugocd.com\/blog\/#\/schema\/person\/image\/"},"description":"Me llamo Ugo CD, soy dise\u00f1ador gr\u00e1fico e ilustrador egresado de la Pontificia Universidad Cat\u00f3lica del Per\u00fa con un Master en lenguas extranjeras y comercio electr\u00f3nico en la UFC de Francia, con conocimiento intermedio en programaci\u00f3n, animaci\u00f3n e ilustraci\u00f3n. Experto en imaginar situaciones poco usuales en momentos bastante comunes.","sameAs":["https:\/\/www.ugocd.com"],"url":"https:\/\/www.ugocd.com\/blog\/author\/ennuyer\/"}]}},"jetpack_featured_media_url":"https:\/\/www.ugocd.com\/blog\/wp-content\/uploads\/2026\/01\/pandemia-2020-ugocd.png","jetpack_shortlink":"https:\/\/wp.me\/p9iKuR-jJ","jetpack_sharing_enabled":true,"_links":{"self":[{"href":"https:\/\/www.ugocd.com\/blog\/wp-json\/wp\/v2\/posts\/1223","targetHints":{"allow":["GET"]}}],"collection":[{"href":"https:\/\/www.ugocd.com\/blog\/wp-json\/wp\/v2\/posts"}],"about":[{"href":"https:\/\/www.ugocd.com\/blog\/wp-json\/wp\/v2\/types\/post"}],"author":[{"embeddable":true,"href":"https:\/\/www.ugocd.com\/blog\/wp-json\/wp\/v2\/users\/1"}],"replies":[{"embeddable":true,"href":"https:\/\/www.ugocd.com\/blog\/wp-json\/wp\/v2\/comments?post=1223"}],"version-history":[{"count":15,"href":"https:\/\/www.ugocd.com\/blog\/wp-json\/wp\/v2\/posts\/1223\/revisions"}],"predecessor-version":[{"id":2038,"href":"https:\/\/www.ugocd.com\/blog\/wp-json\/wp\/v2\/posts\/1223\/revisions\/2038"}],"wp:featuredmedia":[{"embeddable":true,"href":"https:\/\/www.ugocd.com\/blog\/wp-json\/wp\/v2\/media\/2032"}],"wp:attachment":[{"href":"https:\/\/www.ugocd.com\/blog\/wp-json\/wp\/v2\/media?parent=1223"}],"wp:term":[{"taxonomy":"category","embeddable":true,"href":"https:\/\/www.ugocd.com\/blog\/wp-json\/wp\/v2\/categories?post=1223"},{"taxonomy":"post_tag","embeddable":true,"href":"https:\/\/www.ugocd.com\/blog\/wp-json\/wp\/v2\/tags?post=1223"}],"curies":[{"name":"wp","href":"https:\/\/api.w.org\/{rel}","templated":true}]}}