{"id":250,"date":"2017-12-10T15:16:12","date_gmt":"2017-12-10T15:16:12","guid":{"rendered":"http:\/\/www.ugocd.com\/blog\/?p=250"},"modified":"2023-10-28T09:33:02","modified_gmt":"2023-10-28T09:33:02","slug":"peru-al-mundial-rusia-2018","status":"publish","type":"post","link":"https:\/\/www.ugocd.com\/blog\/2017\/12\/10\/peru-al-mundial-rusia-2018\/","title":{"rendered":"Per\u00fa al mundial Rusia 2018"},"content":{"rendered":"\t\t<div data-elementor-type=\"wp-post\" data-elementor-id=\"250\" class=\"elementor elementor-250\" data-elementor-post-type=\"post\">\n\t\t\t\t<div class=\"elementor-element elementor-element-de0f197 e-flex e-con-boxed e-con e-parent\" data-id=\"de0f197\" data-element_type=\"container\">\n\t\t\t\t\t<div class=\"e-con-inner\">\n\t\t\t\t<div class=\"elementor-element elementor-element-2ecc1982 elementor-widget elementor-widget-text-editor\" data-id=\"2ecc1982\" data-element_type=\"widget\" data-widget_type=\"text-editor.default\">\n\t\t\t\t<div class=\"elementor-widget-container\">\n\t\t\t\t\t\t\t\t\t<p><strong>No soy fan\u00e1tico de f\u00fatbol,<\/strong> pero creo que despu\u00e9s de<strong> 36 a\u00f1os que Per\u00fa no va a un mundial<\/strong> y ahora que lo haya logrado con mucho esfuerzo amerita un gran aplauso, no siento que tenga derecho a celebrar pues no he sido fan\u00e1tico y no he apoyado a la selecci\u00f3n antes.<\/p><p>He sido siempre muy malo en f\u00fatbol, recuerdo haber metido un par de auto goles en mi infancia y haber sido retirado del juego prematuramente :\/, es desde entonces que decid\u00ed no volver a jugar, pese a que a\u00f1os despu\u00e9s lo haya hecho espor\u00e1dicamente muy a mi pesar&#8230; para m\u00ed un juego es para divertirse y no importa qui\u00e9n gane pero supongo algunos se lo toman muy enserio.<\/p><p>Creo que en el Per\u00fa existen muchos fan\u00e1ticos de f\u00fatbol y me parece que est\u00e1 bien que las personas se interesen en algo de una manera positiva como lo es el deporte, m\u00e1s no cuando el fanatismo llega a ser agresivo, creo que todos tienen derecho a tener diferentes inter\u00e9ses y puntos de vista.<\/p><p>Recuerdo el impacto que me caus\u00f3 <strong>la muerte de un fan\u00e1tico de Alianza Lima, Walter Oyarce<\/strong>, \u00e9l era compa\u00f1ero del colegio, no era amigo m\u00edo, pero aun as\u00ed sent\u00ed much\u00edsimo su deceso, alguien tan joven y saludable a quien se le fue quitada la vida de esa forma tan violenta me hizo pensar en lo afortunado que soy de tener la oportunidad de vivir y seguir con los planes y las metas que me hab\u00eda planteado hasta entonces.<\/p><p>Mi amigo Prince (y mucha gente) cree que <strong>no tenemos chance contra Francia<\/strong>, pero yo creo m\u00e1s en el esfuerzo y en el empe\u00f1o y que esto nos puede llevar a lograr cosas que no imaginamos poder alcanzar. As\u00ed que hay que darle con todo en todas las cosas que hagamos y siempre demos un 110% y ya est\u00e1!<\/p><p>Nos vemos en Rusia \ud83d\ude00<\/p><p>\u00e0 bient\u00f4t,<\/p><p>Ugo CD<\/p><p>\u00a0<\/p>\t\t\t\t\t\t\t\t<\/div>\n\t\t\t\t<\/div>\n\t\t\t\t\t<\/div>\n\t\t\t\t<\/div>\n\t\t\t\t<\/div>\n\t\t","protected":false},"excerpt":{"rendered":"<p>No soy fan\u00e1tico de f\u00fatbol, pero creo que despu\u00e9s de 36 a\u00f1os que Per\u00fa no va a un mundial y ahora que lo haya logrado con mucho esfuerzo amerita un gran aplauso, no siento que tenga derecho a celebrar pues no he sido fan\u00e1tico y no he apoyado a la selecci\u00f3n antes. He sido siempre [&hellip;]<\/p>\n","protected":false},"author":1,"featured_media":257,"comment_status":"open","ping_status":"open","sticky":false,"template":"","format":"standard","meta":{"jetpack_post_was_ever_published":false,"_jetpack_newsletter_access":"","_jetpack_dont_email_post_to_subs":false,"_jetpack_newsletter_tier_id":0,"_jetpack_memberships_contains_paywalled_content":false,"_jetpack_memberships_contains_paid_content":false,"footnotes":""},"categories":[9,13],"tags":[40,39,41],"class_list":["post-250","post","type-post","status-publish","format-standard","has-post-thumbnail","hentry","category-vida_en_francia","category-opinion-libros-peliculas","tag-mundial2018","tag-peru-francia","tag-rusia2018"],"yoast_head":"<!-- This site is optimized with the Yoast SEO plugin v24.2 - https:\/\/yoast.com\/wordpress\/plugins\/seo\/ -->\n<title>Per\u00fa al mundial Rusia 2018 - Ugo CD Blog | Diario de un pseudoartista<\/title>\n<meta name=\"robots\" content=\"index, follow, max-snippet:-1, max-image-preview:large, max-video-preview:-1\" \/>\n<link rel=\"canonical\" href=\"https:\/\/www.ugocd.com\/blog\/2017\/12\/10\/peru-al-mundial-rusia-2018\/\" \/>\n<meta property=\"og:locale\" content=\"es_ES\" \/>\n<meta property=\"og:type\" content=\"article\" \/>\n<meta property=\"og:title\" content=\"Per\u00fa al mundial Rusia 2018 - Ugo CD Blog | Diario de un pseudoartista\" \/>\n<meta property=\"og:description\" content=\"No soy fan\u00e1tico de f\u00fatbol, pero creo que despu\u00e9s de 36 a\u00f1os que Per\u00fa no va a un mundial y ahora que lo haya logrado con mucho esfuerzo amerita un gran aplauso, no siento que tenga derecho a celebrar pues no he sido fan\u00e1tico y no he apoyado a la selecci\u00f3n antes. He sido siempre [&hellip;]\" \/>\n<meta property=\"og:url\" content=\"https:\/\/www.ugocd.com\/blog\/2017\/12\/10\/peru-al-mundial-rusia-2018\/\" \/>\n<meta property=\"og:site_name\" content=\"Ugo CD Blog | Diario de un pseudoartista\" \/>\n<meta property=\"article:published_time\" content=\"2017-12-10T15:16:12+00:00\" \/>\n<meta property=\"article:modified_time\" content=\"2023-10-28T09:33:02+00:00\" \/>\n<meta property=\"og:image\" content=\"https:\/\/www.ugocd.com\/blog\/wp-content\/uploads\/2017\/12\/ugocd_peru_mundial_2018.jpg\" \/>\n\t<meta property=\"og:image:width\" content=\"1441\" \/>\n\t<meta property=\"og:image:height\" content=\"664\" \/>\n\t<meta property=\"og:image:type\" content=\"image\/jpeg\" \/>\n<meta name=\"author\" content=\"Ugo CD\" \/>\n<meta name=\"twitter:card\" content=\"summary_large_image\" \/>\n<meta name=\"twitter:label1\" content=\"Written by\" \/>\n\t<meta name=\"twitter:data1\" content=\"Ugo CD\" \/>\n\t<meta name=\"twitter:label2\" content=\"Est. reading time\" \/>\n\t<meta name=\"twitter:data2\" content=\"2 minutos\" \/>\n<script type=\"application\/ld+json\" class=\"yoast-schema-graph\">{\"@context\":\"https:\/\/schema.org\",\"@graph\":[{\"@type\":\"Article\",\"@id\":\"https:\/\/www.ugocd.com\/blog\/2017\/12\/10\/peru-al-mundial-rusia-2018\/#article\",\"isPartOf\":{\"@id\":\"https:\/\/www.ugocd.com\/blog\/2017\/12\/10\/peru-al-mundial-rusia-2018\/\"},\"author\":{\"name\":\"Ugo CD\",\"@id\":\"https:\/\/www.ugocd.com\/blog\/#\/schema\/person\/90fa66a6432cc5ba1f2493479c15fa89\"},\"headline\":\"Per\u00fa al mundial Rusia 2018\",\"datePublished\":\"2017-12-10T15:16:12+00:00\",\"dateModified\":\"2023-10-28T09:33:02+00:00\",\"mainEntityOfPage\":{\"@id\":\"https:\/\/www.ugocd.com\/blog\/2017\/12\/10\/peru-al-mundial-rusia-2018\/\"},\"wordCount\":343,\"commentCount\":2,\"publisher\":{\"@id\":\"https:\/\/www.ugocd.com\/blog\/#\/schema\/person\/90fa66a6432cc5ba1f2493479c15fa89\"},\"image\":{\"@id\":\"https:\/\/www.ugocd.com\/blog\/2017\/12\/10\/peru-al-mundial-rusia-2018\/#primaryimage\"},\"thumbnailUrl\":\"https:\/\/www.ugocd.com\/blog\/wp-content\/uploads\/2017\/12\/ugocd_peru_mundial_2018.jpg\",\"keywords\":[\"mundial2018\",\"peru francia\",\"rusia2018\"],\"articleSection\":[\"Francia\",\"Opini\u00f3n\"],\"inLanguage\":\"es-PE\",\"potentialAction\":[{\"@type\":\"CommentAction\",\"name\":\"Comment\",\"target\":[\"https:\/\/www.ugocd.com\/blog\/2017\/12\/10\/peru-al-mundial-rusia-2018\/#respond\"]}]},{\"@type\":\"WebPage\",\"@id\":\"https:\/\/www.ugocd.com\/blog\/2017\/12\/10\/peru-al-mundial-rusia-2018\/\",\"url\":\"https:\/\/www.ugocd.com\/blog\/2017\/12\/10\/peru-al-mundial-rusia-2018\/\",\"name\":\"Per\u00fa al mundial Rusia 2018 - Ugo CD Blog | Diario de un pseudoartista\",\"isPartOf\":{\"@id\":\"https:\/\/www.ugocd.com\/blog\/#website\"},\"primaryImageOfPage\":{\"@id\":\"https:\/\/www.ugocd.com\/blog\/2017\/12\/10\/peru-al-mundial-rusia-2018\/#primaryimage\"},\"image\":{\"@id\":\"https:\/\/www.ugocd.com\/blog\/2017\/12\/10\/peru-al-mundial-rusia-2018\/#primaryimage\"},\"thumbnailUrl\":\"https:\/\/www.ugocd.com\/blog\/wp-content\/uploads\/2017\/12\/ugocd_peru_mundial_2018.jpg\",\"datePublished\":\"2017-12-10T15:16:12+00:00\",\"dateModified\":\"2023-10-28T09:33:02+00:00\",\"breadcrumb\":{\"@id\":\"https:\/\/www.ugocd.com\/blog\/2017\/12\/10\/peru-al-mundial-rusia-2018\/#breadcrumb\"},\"inLanguage\":\"es-PE\",\"potentialAction\":[{\"@type\":\"ReadAction\",\"target\":[\"https:\/\/www.ugocd.com\/blog\/2017\/12\/10\/peru-al-mundial-rusia-2018\/\"]}]},{\"@type\":\"ImageObject\",\"inLanguage\":\"es-PE\",\"@id\":\"https:\/\/www.ugocd.com\/blog\/2017\/12\/10\/peru-al-mundial-rusia-2018\/#primaryimage\",\"url\":\"https:\/\/www.ugocd.com\/blog\/wp-content\/uploads\/2017\/12\/ugocd_peru_mundial_2018.jpg\",\"contentUrl\":\"https:\/\/www.ugocd.com\/blog\/wp-content\/uploads\/2017\/12\/ugocd_peru_mundial_2018.jpg\",\"width\":1441,\"height\":664},{\"@type\":\"BreadcrumbList\",\"@id\":\"https:\/\/www.ugocd.com\/blog\/2017\/12\/10\/peru-al-mundial-rusia-2018\/#breadcrumb\",\"itemListElement\":[{\"@type\":\"ListItem\",\"position\":1,\"name\":\"Home\",\"item\":\"https:\/\/www.ugocd.com\/blog\/\"},{\"@type\":\"ListItem\",\"position\":2,\"name\":\"Francia\",\"item\":\"https:\/\/www.ugocd.com\/blog\/category\/vida_en_francia\/\"},{\"@type\":\"ListItem\",\"position\":3,\"name\":\"Per\u00fa al mundial Rusia 2018\"}]},{\"@type\":\"WebSite\",\"@id\":\"https:\/\/www.ugocd.com\/blog\/#website\",\"url\":\"https:\/\/www.ugocd.com\/blog\/\",\"name\":\"Ugo CD Blog | Diario de un pseudoartista\",\"description\":\"Experiencias personales y de Dise\u00f1o. Escribo de todo un poco en mi Diario de un pseudoartista.\",\"publisher\":{\"@id\":\"https:\/\/www.ugocd.com\/blog\/#\/schema\/person\/90fa66a6432cc5ba1f2493479c15fa89\"},\"potentialAction\":[{\"@type\":\"SearchAction\",\"target\":{\"@type\":\"EntryPoint\",\"urlTemplate\":\"https:\/\/www.ugocd.com\/blog\/?s={search_term_string}\"},\"query-input\":{\"@type\":\"PropertyValueSpecification\",\"valueRequired\":true,\"valueName\":\"search_term_string\"}}],\"inLanguage\":\"es-PE\"},{\"@type\":[\"Person\",\"Organization\"],\"@id\":\"https:\/\/www.ugocd.com\/blog\/#\/schema\/person\/90fa66a6432cc5ba1f2493479c15fa89\",\"name\":\"Ugo CD\",\"image\":{\"@type\":\"ImageObject\",\"inLanguage\":\"es-PE\",\"@id\":\"https:\/\/www.ugocd.com\/blog\/#\/schema\/person\/image\/\",\"url\":\"https:\/\/www.ugocd.com\/blog\/wp-content\/uploads\/2023\/10\/isotype-ugocd-color-bk-primary.svg\",\"contentUrl\":\"https:\/\/www.ugocd.com\/blog\/wp-content\/uploads\/2023\/10\/isotype-ugocd-color-bk-primary.svg\",\"width\":129,\"height\":152,\"caption\":\"Ugo CD\"},\"logo\":{\"@id\":\"https:\/\/www.ugocd.com\/blog\/#\/schema\/person\/image\/\"},\"description\":\"Me llamo Ugo CD, soy dise\u00f1ador gr\u00e1fico e ilustrador egresado de la Pontificia Universidad Cat\u00f3lica del Per\u00fa con un Master en lenguas extranjeras y comercio electr\u00f3nico en la UFC de Francia, con conocimiento intermedio en programaci\u00f3n, animaci\u00f3n e ilustraci\u00f3n. Experto en imaginar situaciones poco usuales en momentos bastante comunes.\",\"sameAs\":[\"https:\/\/www.ugocd.com\"],\"url\":\"https:\/\/www.ugocd.com\/blog\/author\/ennuyer\/\"}]}<\/script>\n<!-- \/ Yoast SEO plugin. -->","yoast_head_json":{"title":"Per\u00fa al mundial Rusia 2018 - Ugo CD Blog | Diario de un pseudoartista","robots":{"index":"index","follow":"follow","max-snippet":"max-snippet:-1","max-image-preview":"max-image-preview:large","max-video-preview":"max-video-preview:-1"},"canonical":"https:\/\/www.ugocd.com\/blog\/2017\/12\/10\/peru-al-mundial-rusia-2018\/","og_locale":"es_ES","og_type":"article","og_title":"Per\u00fa al mundial Rusia 2018 - Ugo CD Blog | Diario de un pseudoartista","og_description":"No soy fan\u00e1tico de f\u00fatbol, pero creo que despu\u00e9s de 36 a\u00f1os que Per\u00fa no va a un mundial y ahora que lo haya logrado con mucho esfuerzo amerita un gran aplauso, no siento que tenga derecho a celebrar pues no he sido fan\u00e1tico y no he apoyado a la selecci\u00f3n antes. He sido siempre [&hellip;]","og_url":"https:\/\/www.ugocd.com\/blog\/2017\/12\/10\/peru-al-mundial-rusia-2018\/","og_site_name":"Ugo CD Blog | Diario de un pseudoartista","article_published_time":"2017-12-10T15:16:12+00:00","article_modified_time":"2023-10-28T09:33:02+00:00","og_image":[{"width":1441,"height":664,"url":"https:\/\/www.ugocd.com\/blog\/wp-content\/uploads\/2017\/12\/ugocd_peru_mundial_2018.jpg","type":"image\/jpeg"}],"author":"Ugo CD","twitter_card":"summary_large_image","twitter_misc":{"Written by":"Ugo CD","Est. reading time":"2 minutos"},"schema":{"@context":"https:\/\/schema.org","@graph":[{"@type":"Article","@id":"https:\/\/www.ugocd.com\/blog\/2017\/12\/10\/peru-al-mundial-rusia-2018\/#article","isPartOf":{"@id":"https:\/\/www.ugocd.com\/blog\/2017\/12\/10\/peru-al-mundial-rusia-2018\/"},"author":{"name":"Ugo CD","@id":"https:\/\/www.ugocd.com\/blog\/#\/schema\/person\/90fa66a6432cc5ba1f2493479c15fa89"},"headline":"Per\u00fa al mundial Rusia 2018","datePublished":"2017-12-10T15:16:12+00:00","dateModified":"2023-10-28T09:33:02+00:00","mainEntityOfPage":{"@id":"https:\/\/www.ugocd.com\/blog\/2017\/12\/10\/peru-al-mundial-rusia-2018\/"},"wordCount":343,"commentCount":2,"publisher":{"@id":"https:\/\/www.ugocd.com\/blog\/#\/schema\/person\/90fa66a6432cc5ba1f2493479c15fa89"},"image":{"@id":"https:\/\/www.ugocd.com\/blog\/2017\/12\/10\/peru-al-mundial-rusia-2018\/#primaryimage"},"thumbnailUrl":"https:\/\/www.ugocd.com\/blog\/wp-content\/uploads\/2017\/12\/ugocd_peru_mundial_2018.jpg","keywords":["mundial2018","peru francia","rusia2018"],"articleSection":["Francia","Opini\u00f3n"],"inLanguage":"es-PE","potentialAction":[{"@type":"CommentAction","name":"Comment","target":["https:\/\/www.ugocd.com\/blog\/2017\/12\/10\/peru-al-mundial-rusia-2018\/#respond"]}]},{"@type":"WebPage","@id":"https:\/\/www.ugocd.com\/blog\/2017\/12\/10\/peru-al-mundial-rusia-2018\/","url":"https:\/\/www.ugocd.com\/blog\/2017\/12\/10\/peru-al-mundial-rusia-2018\/","name":"Per\u00fa al mundial Rusia 2018 - Ugo CD Blog | Diario de un pseudoartista","isPartOf":{"@id":"https:\/\/www.ugocd.com\/blog\/#website"},"primaryImageOfPage":{"@id":"https:\/\/www.ugocd.com\/blog\/2017\/12\/10\/peru-al-mundial-rusia-2018\/#primaryimage"},"image":{"@id":"https:\/\/www.ugocd.com\/blog\/2017\/12\/10\/peru-al-mundial-rusia-2018\/#primaryimage"},"thumbnailUrl":"https:\/\/www.ugocd.com\/blog\/wp-content\/uploads\/2017\/12\/ugocd_peru_mundial_2018.jpg","datePublished":"2017-12-10T15:16:12+00:00","dateModified":"2023-10-28T09:33:02+00:00","breadcrumb":{"@id":"https:\/\/www.ugocd.com\/blog\/2017\/12\/10\/peru-al-mundial-rusia-2018\/#breadcrumb"},"inLanguage":"es-PE","potentialAction":[{"@type":"ReadAction","target":["https:\/\/www.ugocd.com\/blog\/2017\/12\/10\/peru-al-mundial-rusia-2018\/"]}]},{"@type":"ImageObject","inLanguage":"es-PE","@id":"https:\/\/www.ugocd.com\/blog\/2017\/12\/10\/peru-al-mundial-rusia-2018\/#primaryimage","url":"https:\/\/www.ugocd.com\/blog\/wp-content\/uploads\/2017\/12\/ugocd_peru_mundial_2018.jpg","contentUrl":"https:\/\/www.ugocd.com\/blog\/wp-content\/uploads\/2017\/12\/ugocd_peru_mundial_2018.jpg","width":1441,"height":664},{"@type":"BreadcrumbList","@id":"https:\/\/www.ugocd.com\/blog\/2017\/12\/10\/peru-al-mundial-rusia-2018\/#breadcrumb","itemListElement":[{"@type":"ListItem","position":1,"name":"Home","item":"https:\/\/www.ugocd.com\/blog\/"},{"@type":"ListItem","position":2,"name":"Francia","item":"https:\/\/www.ugocd.com\/blog\/category\/vida_en_francia\/"},{"@type":"ListItem","position":3,"name":"Per\u00fa al mundial Rusia 2018"}]},{"@type":"WebSite","@id":"https:\/\/www.ugocd.com\/blog\/#website","url":"https:\/\/www.ugocd.com\/blog\/","name":"Ugo CD Blog | Diario de un pseudoartista","description":"Experiencias personales y de Dise\u00f1o. Escribo de todo un poco en mi Diario de un pseudoartista.","publisher":{"@id":"https:\/\/www.ugocd.com\/blog\/#\/schema\/person\/90fa66a6432cc5ba1f2493479c15fa89"},"potentialAction":[{"@type":"SearchAction","target":{"@type":"EntryPoint","urlTemplate":"https:\/\/www.ugocd.com\/blog\/?s={search_term_string}"},"query-input":{"@type":"PropertyValueSpecification","valueRequired":true,"valueName":"search_term_string"}}],"inLanguage":"es-PE"},{"@type":["Person","Organization"],"@id":"https:\/\/www.ugocd.com\/blog\/#\/schema\/person\/90fa66a6432cc5ba1f2493479c15fa89","name":"Ugo CD","image":{"@type":"ImageObject","inLanguage":"es-PE","@id":"https:\/\/www.ugocd.com\/blog\/#\/schema\/person\/image\/","url":"https:\/\/www.ugocd.com\/blog\/wp-content\/uploads\/2023\/10\/isotype-ugocd-color-bk-primary.svg","contentUrl":"https:\/\/www.ugocd.com\/blog\/wp-content\/uploads\/2023\/10\/isotype-ugocd-color-bk-primary.svg","width":129,"height":152,"caption":"Ugo CD"},"logo":{"@id":"https:\/\/www.ugocd.com\/blog\/#\/schema\/person\/image\/"},"description":"Me llamo Ugo CD, soy dise\u00f1ador gr\u00e1fico e ilustrador egresado de la Pontificia Universidad Cat\u00f3lica del Per\u00fa con un Master en lenguas extranjeras y comercio electr\u00f3nico en la UFC de Francia, con conocimiento intermedio en programaci\u00f3n, animaci\u00f3n e ilustraci\u00f3n. Experto en imaginar situaciones poco usuales en momentos bastante comunes.","sameAs":["https:\/\/www.ugocd.com"],"url":"https:\/\/www.ugocd.com\/blog\/author\/ennuyer\/"}]}},"jetpack_featured_media_url":"https:\/\/www.ugocd.com\/blog\/wp-content\/uploads\/2017\/12\/ugocd_peru_mundial_2018.jpg","jetpack_shortlink":"https:\/\/wp.me\/p9iKuR-42","jetpack_sharing_enabled":true,"_links":{"self":[{"href":"https:\/\/www.ugocd.com\/blog\/wp-json\/wp\/v2\/posts\/250","targetHints":{"allow":["GET"]}}],"collection":[{"href":"https:\/\/www.ugocd.com\/blog\/wp-json\/wp\/v2\/posts"}],"about":[{"href":"https:\/\/www.ugocd.com\/blog\/wp-json\/wp\/v2\/types\/post"}],"author":[{"embeddable":true,"href":"https:\/\/www.ugocd.com\/blog\/wp-json\/wp\/v2\/users\/1"}],"replies":[{"embeddable":true,"href":"https:\/\/www.ugocd.com\/blog\/wp-json\/wp\/v2\/comments?post=250"}],"version-history":[{"count":12,"href":"https:\/\/www.ugocd.com\/blog\/wp-json\/wp\/v2\/posts\/250\/revisions"}],"predecessor-version":[{"id":1676,"href":"https:\/\/www.ugocd.com\/blog\/wp-json\/wp\/v2\/posts\/250\/revisions\/1676"}],"wp:featuredmedia":[{"embeddable":true,"href":"https:\/\/www.ugocd.com\/blog\/wp-json\/wp\/v2\/media\/257"}],"wp:attachment":[{"href":"https:\/\/www.ugocd.com\/blog\/wp-json\/wp\/v2\/media?parent=250"}],"wp:term":[{"taxonomy":"category","embeddable":true,"href":"https:\/\/www.ugocd.com\/blog\/wp-json\/wp\/v2\/categories?post=250"},{"taxonomy":"post_tag","embeddable":true,"href":"https:\/\/www.ugocd.com\/blog\/wp-json\/wp\/v2\/tags?post=250"}],"curies":[{"name":"wp","href":"https:\/\/api.w.org\/{rel}","templated":true}]}}