{"id":379,"date":"2018-06-02T22:11:34","date_gmt":"2018-06-02T22:11:34","guid":{"rendered":"https:\/\/www.ugocd.com\/blog\/?p=379"},"modified":"2018-06-02T22:28:35","modified_gmt":"2018-06-02T22:28:35","slug":"va-o-no-va","status":"publish","type":"post","link":"https:\/\/www.ugocd.com\/blog\/2018\/06\/02\/va-o-no-va\/","title":{"rendered":"\u00bfVa o no va?"},"content":{"rendered":"<p>Si has le\u00eddo este anterior <a href=\"https:\/\/www.ugocd.com\/blog\/2017\/12\/10\/peru-al-mundial-rusia-2018\/\">post <\/a>podr\u00e1s darte cuenta de que <strong>no soy fan\u00e1tico del f\u00fatbol<\/strong>, a\u00fan as\u00ed me sent\u00ed emocionado cuando <strong>Per\u00fa quedo clasificado para el mundial<\/strong>. Sin embargo, la novela que se a armado con respecto a si <strong>Paolo Guerrero va o no va al mundial<\/strong> a oscurecido toda esta inicial emoci\u00f3n, de que si el t\u00e9sito tenia restos de coca o no, que si <strong>Do\u00f1a Peta difam\u00f3 a Claudio Pizarro y a sus familiares<\/strong>, de que si ahora podemos pegar finalmente la figurita de Paolo en nuestro \u00e1lbum <strong>Panini Gold<\/strong>, etc etc.<\/p>\n<p>Afortunadamente al parecer ya termin\u00f3 todo esto pues finalmente\u00a0<strong>Paolo jugar\u00e1 junto a la selecci\u00f3n peruana en el Mundial de Rusia 2018<\/strong>. Lo cual me parece genial y me alegra mucho por aquellos fan\u00e1ticos de verdad que lloran por esta gran pasi\u00f3n que sienten. Yo puedo identificarme pues he sentido pasi\u00f3n por otras cosas, como por el dibujar o mi carrera de Dise\u00f1ador Gr\u00e1fico.<\/p>\n<p>Creo sin embargo que no debemos dejarnos gobernar por nuestras pasiones a tal extremo que pareciese en alg\u00fan punto que no importara nada m\u00e1s que <strong>Paolo vaya al mundial<\/strong>, pienso que tambi\u00e9n hay otros jugadores en la selecci\u00f3n que merecen apoyo y no hay que desmerecerlos. De verdad creo que aun sin el \u00abDepredador\u00bb la selecci\u00f3n es un equipo fuerte que tambi\u00e9n la lucha, no creo sea bueno endiosar a una sola persona por m\u00e1s perfecto que parezca, o crean que es, al final es un ser humano como todos. (<em>obvio con grandes habilidades que ni tu ni yo tenemos<\/em> @-@)<\/p>\n<p><img fetchpriority=\"high\" decoding=\"async\" class=\"aligncenter size-full wp-image-397\" src=\"https:\/\/www.ugocd.com\/blog\/wp-content\/uploads\/2018\/06\/paolo_guerrero_jugara_en_el_mundial.png\" alt=\"\" width=\"2500\" height=\"1152\" srcset=\"https:\/\/www.ugocd.com\/blog\/wp-content\/uploads\/2018\/06\/paolo_guerrero_jugara_en_el_mundial.png 2500w, https:\/\/www.ugocd.com\/blog\/wp-content\/uploads\/2018\/06\/paolo_guerrero_jugara_en_el_mundial-300x138.png 300w, https:\/\/www.ugocd.com\/blog\/wp-content\/uploads\/2018\/06\/paolo_guerrero_jugara_en_el_mundial-768x354.png 768w, https:\/\/www.ugocd.com\/blog\/wp-content\/uploads\/2018\/06\/paolo_guerrero_jugara_en_el_mundial-1024x472.png 1024w, https:\/\/www.ugocd.com\/blog\/wp-content\/uploads\/2018\/06\/paolo_guerrero_jugara_en_el_mundial-1600x737.png 1600w, https:\/\/www.ugocd.com\/blog\/wp-content\/uploads\/2018\/06\/paolo_guerrero_jugara_en_el_mundial-780x359.png 780w\" sizes=\"(max-width: 2500px) 100vw, 2500px\" \/><\/p>\n<p>En s\u00edntesis estoy muy contento con que la selecci\u00f3n este completa y espero que ahora se haga una segunda\u00a0<strong>marcha para que el congreso y Luis Galarreta dejen de comprarse florecitas<\/strong> que acompa\u00f1en sus televisores 4k y Macs de dise\u00f1ador gr\u00e1fico&#8230; que me regalen una Mac mas bien \ud83d\ude1b<\/p>\n<p>\u00e0 Bient\u00f4t,<\/p>\n<p>Ugo CD<\/p>\n","protected":false},"excerpt":{"rendered":"<p>Si has le\u00eddo este anterior post podr\u00e1s darte cuenta de que no soy fan\u00e1tico del f\u00fatbol, a\u00fan as\u00ed me sent\u00ed emocionado cuando Per\u00fa quedo clasificado para el mundial. Sin embargo, la novela que se a armado con respecto a si Paolo Guerrero va o no va al mundial a oscurecido toda esta inicial emoci\u00f3n, de [&hellip;]<\/p>\n","protected":false},"author":1,"featured_media":396,"comment_status":"open","ping_status":"open","sticky":false,"template":"","format":"standard","meta":{"jetpack_post_was_ever_published":false,"_jetpack_newsletter_access":"","_jetpack_dont_email_post_to_subs":false,"_jetpack_newsletter_tier_id":0,"_jetpack_memberships_contains_paywalled_content":false,"_jetpack_memberships_contains_paid_content":false,"footnotes":""},"categories":[13],"tags":[50,53,51,41],"class_list":["post-379","post","type-post","status-publish","format-standard","has-post-thumbnail","hentry","category-opinion-libros-peliculas","tag-futbol-peruano","tag-galarreta","tag-paolo-guerrero","tag-rusia2018"],"yoast_head":"<!-- This site is optimized with the Yoast SEO plugin v24.2 - https:\/\/yoast.com\/wordpress\/plugins\/seo\/ -->\n<title>\u00bfVa o no va? - Ugo CD Blog | Diario de un pseudoartista<\/title>\n<meta name=\"robots\" content=\"index, follow, max-snippet:-1, max-image-preview:large, max-video-preview:-1\" \/>\n<link rel=\"canonical\" href=\"https:\/\/www.ugocd.com\/blog\/2018\/06\/02\/va-o-no-va\/\" \/>\n<meta property=\"og:locale\" content=\"es_ES\" \/>\n<meta property=\"og:type\" content=\"article\" \/>\n<meta property=\"og:title\" content=\"\u00bfVa o no va? - Ugo CD Blog | Diario de un pseudoartista\" \/>\n<meta property=\"og:description\" content=\"Si has le\u00eddo este anterior post podr\u00e1s darte cuenta de que no soy fan\u00e1tico del f\u00fatbol, a\u00fan as\u00ed me sent\u00ed emocionado cuando Per\u00fa quedo clasificado para el mundial. Sin embargo, la novela que se a armado con respecto a si Paolo Guerrero va o no va al mundial a oscurecido toda esta inicial emoci\u00f3n, de [&hellip;]\" \/>\n<meta property=\"og:url\" content=\"https:\/\/www.ugocd.com\/blog\/2018\/06\/02\/va-o-no-va\/\" \/>\n<meta property=\"og:site_name\" content=\"Ugo CD Blog | Diario de un pseudoartista\" \/>\n<meta property=\"article:published_time\" content=\"2018-06-02T22:11:34+00:00\" \/>\n<meta property=\"article:modified_time\" content=\"2018-06-02T22:28:35+00:00\" \/>\n<meta property=\"og:image\" content=\"https:\/\/www.ugocd.com\/blog\/wp-content\/uploads\/2018\/06\/peru_al_mundial_2018.png\" \/>\n\t<meta property=\"og:image:width\" content=\"1441\" \/>\n\t<meta property=\"og:image:height\" content=\"753\" \/>\n\t<meta property=\"og:image:type\" content=\"image\/png\" \/>\n<meta name=\"author\" content=\"Ugo CD\" \/>\n<meta name=\"twitter:card\" content=\"summary_large_image\" \/>\n<meta name=\"twitter:label1\" content=\"Written by\" \/>\n\t<meta name=\"twitter:data1\" content=\"Ugo CD\" \/>\n\t<meta name=\"twitter:label2\" content=\"Est. reading time\" \/>\n\t<meta name=\"twitter:data2\" content=\"2 minutos\" \/>\n<script type=\"application\/ld+json\" class=\"yoast-schema-graph\">{\"@context\":\"https:\/\/schema.org\",\"@graph\":[{\"@type\":\"Article\",\"@id\":\"https:\/\/www.ugocd.com\/blog\/2018\/06\/02\/va-o-no-va\/#article\",\"isPartOf\":{\"@id\":\"https:\/\/www.ugocd.com\/blog\/2018\/06\/02\/va-o-no-va\/\"},\"author\":{\"name\":\"Ugo CD\",\"@id\":\"https:\/\/www.ugocd.com\/blog\/#\/schema\/person\/90fa66a6432cc5ba1f2493479c15fa89\"},\"headline\":\"\u00bfVa o no va?\",\"datePublished\":\"2018-06-02T22:11:34+00:00\",\"dateModified\":\"2018-06-02T22:28:35+00:00\",\"mainEntityOfPage\":{\"@id\":\"https:\/\/www.ugocd.com\/blog\/2018\/06\/02\/va-o-no-va\/\"},\"wordCount\":342,\"commentCount\":0,\"publisher\":{\"@id\":\"https:\/\/www.ugocd.com\/blog\/#\/schema\/person\/90fa66a6432cc5ba1f2493479c15fa89\"},\"image\":{\"@id\":\"https:\/\/www.ugocd.com\/blog\/2018\/06\/02\/va-o-no-va\/#primaryimage\"},\"thumbnailUrl\":\"https:\/\/www.ugocd.com\/blog\/wp-content\/uploads\/2018\/06\/peru_al_mundial_2018.png\",\"keywords\":[\"futbol peruano\",\"galarreta\",\"paolo guerrero\",\"rusia2018\"],\"articleSection\":[\"Opini\u00f3n\"],\"inLanguage\":\"es-PE\",\"potentialAction\":[{\"@type\":\"CommentAction\",\"name\":\"Comment\",\"target\":[\"https:\/\/www.ugocd.com\/blog\/2018\/06\/02\/va-o-no-va\/#respond\"]}]},{\"@type\":\"WebPage\",\"@id\":\"https:\/\/www.ugocd.com\/blog\/2018\/06\/02\/va-o-no-va\/\",\"url\":\"https:\/\/www.ugocd.com\/blog\/2018\/06\/02\/va-o-no-va\/\",\"name\":\"\u00bfVa o no va? - Ugo CD Blog | Diario de un pseudoartista\",\"isPartOf\":{\"@id\":\"https:\/\/www.ugocd.com\/blog\/#website\"},\"primaryImageOfPage\":{\"@id\":\"https:\/\/www.ugocd.com\/blog\/2018\/06\/02\/va-o-no-va\/#primaryimage\"},\"image\":{\"@id\":\"https:\/\/www.ugocd.com\/blog\/2018\/06\/02\/va-o-no-va\/#primaryimage\"},\"thumbnailUrl\":\"https:\/\/www.ugocd.com\/blog\/wp-content\/uploads\/2018\/06\/peru_al_mundial_2018.png\",\"datePublished\":\"2018-06-02T22:11:34+00:00\",\"dateModified\":\"2018-06-02T22:28:35+00:00\",\"breadcrumb\":{\"@id\":\"https:\/\/www.ugocd.com\/blog\/2018\/06\/02\/va-o-no-va\/#breadcrumb\"},\"inLanguage\":\"es-PE\",\"potentialAction\":[{\"@type\":\"ReadAction\",\"target\":[\"https:\/\/www.ugocd.com\/blog\/2018\/06\/02\/va-o-no-va\/\"]}]},{\"@type\":\"ImageObject\",\"inLanguage\":\"es-PE\",\"@id\":\"https:\/\/www.ugocd.com\/blog\/2018\/06\/02\/va-o-no-va\/#primaryimage\",\"url\":\"https:\/\/www.ugocd.com\/blog\/wp-content\/uploads\/2018\/06\/peru_al_mundial_2018.png\",\"contentUrl\":\"https:\/\/www.ugocd.com\/blog\/wp-content\/uploads\/2018\/06\/peru_al_mundial_2018.png\",\"width\":1441,\"height\":753},{\"@type\":\"BreadcrumbList\",\"@id\":\"https:\/\/www.ugocd.com\/blog\/2018\/06\/02\/va-o-no-va\/#breadcrumb\",\"itemListElement\":[{\"@type\":\"ListItem\",\"position\":1,\"name\":\"Home\",\"item\":\"https:\/\/www.ugocd.com\/blog\/\"},{\"@type\":\"ListItem\",\"position\":2,\"name\":\"Opini\u00f3n\",\"item\":\"https:\/\/www.ugocd.com\/blog\/category\/opinion-libros-peliculas\/\"},{\"@type\":\"ListItem\",\"position\":3,\"name\":\"\u00bfVa o no va?\"}]},{\"@type\":\"WebSite\",\"@id\":\"https:\/\/www.ugocd.com\/blog\/#website\",\"url\":\"https:\/\/www.ugocd.com\/blog\/\",\"name\":\"Ugo CD Blog | Diario de un pseudoartista\",\"description\":\"Experiencias personales y de Dise\u00f1o. Escribo de todo un poco en mi Diario de un pseudoartista.\",\"publisher\":{\"@id\":\"https:\/\/www.ugocd.com\/blog\/#\/schema\/person\/90fa66a6432cc5ba1f2493479c15fa89\"},\"potentialAction\":[{\"@type\":\"SearchAction\",\"target\":{\"@type\":\"EntryPoint\",\"urlTemplate\":\"https:\/\/www.ugocd.com\/blog\/?s={search_term_string}\"},\"query-input\":{\"@type\":\"PropertyValueSpecification\",\"valueRequired\":true,\"valueName\":\"search_term_string\"}}],\"inLanguage\":\"es-PE\"},{\"@type\":[\"Person\",\"Organization\"],\"@id\":\"https:\/\/www.ugocd.com\/blog\/#\/schema\/person\/90fa66a6432cc5ba1f2493479c15fa89\",\"name\":\"Ugo CD\",\"image\":{\"@type\":\"ImageObject\",\"inLanguage\":\"es-PE\",\"@id\":\"https:\/\/www.ugocd.com\/blog\/#\/schema\/person\/image\/\",\"url\":\"https:\/\/www.ugocd.com\/blog\/wp-content\/uploads\/2023\/10\/isotype-ugocd-color-bk-primary.svg\",\"contentUrl\":\"https:\/\/www.ugocd.com\/blog\/wp-content\/uploads\/2023\/10\/isotype-ugocd-color-bk-primary.svg\",\"width\":129,\"height\":152,\"caption\":\"Ugo CD\"},\"logo\":{\"@id\":\"https:\/\/www.ugocd.com\/blog\/#\/schema\/person\/image\/\"},\"description\":\"Me llamo Ugo CD, soy dise\u00f1ador gr\u00e1fico e ilustrador egresado de la Pontificia Universidad Cat\u00f3lica del Per\u00fa con un Master en lenguas extranjeras y comercio electr\u00f3nico en la UFC de Francia, con conocimiento intermedio en programaci\u00f3n, animaci\u00f3n e ilustraci\u00f3n. Experto en imaginar situaciones poco usuales en momentos bastante comunes.\",\"sameAs\":[\"https:\/\/www.ugocd.com\"],\"url\":\"https:\/\/www.ugocd.com\/blog\/author\/ennuyer\/\"}]}<\/script>\n<!-- \/ Yoast SEO plugin. -->","yoast_head_json":{"title":"\u00bfVa o no va? - Ugo CD Blog | Diario de un pseudoartista","robots":{"index":"index","follow":"follow","max-snippet":"max-snippet:-1","max-image-preview":"max-image-preview:large","max-video-preview":"max-video-preview:-1"},"canonical":"https:\/\/www.ugocd.com\/blog\/2018\/06\/02\/va-o-no-va\/","og_locale":"es_ES","og_type":"article","og_title":"\u00bfVa o no va? - Ugo CD Blog | Diario de un pseudoartista","og_description":"Si has le\u00eddo este anterior post podr\u00e1s darte cuenta de que no soy fan\u00e1tico del f\u00fatbol, a\u00fan as\u00ed me sent\u00ed emocionado cuando Per\u00fa quedo clasificado para el mundial. Sin embargo, la novela que se a armado con respecto a si Paolo Guerrero va o no va al mundial a oscurecido toda esta inicial emoci\u00f3n, de [&hellip;]","og_url":"https:\/\/www.ugocd.com\/blog\/2018\/06\/02\/va-o-no-va\/","og_site_name":"Ugo CD Blog | Diario de un pseudoartista","article_published_time":"2018-06-02T22:11:34+00:00","article_modified_time":"2018-06-02T22:28:35+00:00","og_image":[{"width":1441,"height":753,"url":"https:\/\/www.ugocd.com\/blog\/wp-content\/uploads\/2018\/06\/peru_al_mundial_2018.png","type":"image\/png"}],"author":"Ugo CD","twitter_card":"summary_large_image","twitter_misc":{"Written by":"Ugo CD","Est. reading time":"2 minutos"},"schema":{"@context":"https:\/\/schema.org","@graph":[{"@type":"Article","@id":"https:\/\/www.ugocd.com\/blog\/2018\/06\/02\/va-o-no-va\/#article","isPartOf":{"@id":"https:\/\/www.ugocd.com\/blog\/2018\/06\/02\/va-o-no-va\/"},"author":{"name":"Ugo CD","@id":"https:\/\/www.ugocd.com\/blog\/#\/schema\/person\/90fa66a6432cc5ba1f2493479c15fa89"},"headline":"\u00bfVa o no va?","datePublished":"2018-06-02T22:11:34+00:00","dateModified":"2018-06-02T22:28:35+00:00","mainEntityOfPage":{"@id":"https:\/\/www.ugocd.com\/blog\/2018\/06\/02\/va-o-no-va\/"},"wordCount":342,"commentCount":0,"publisher":{"@id":"https:\/\/www.ugocd.com\/blog\/#\/schema\/person\/90fa66a6432cc5ba1f2493479c15fa89"},"image":{"@id":"https:\/\/www.ugocd.com\/blog\/2018\/06\/02\/va-o-no-va\/#primaryimage"},"thumbnailUrl":"https:\/\/www.ugocd.com\/blog\/wp-content\/uploads\/2018\/06\/peru_al_mundial_2018.png","keywords":["futbol peruano","galarreta","paolo guerrero","rusia2018"],"articleSection":["Opini\u00f3n"],"inLanguage":"es-PE","potentialAction":[{"@type":"CommentAction","name":"Comment","target":["https:\/\/www.ugocd.com\/blog\/2018\/06\/02\/va-o-no-va\/#respond"]}]},{"@type":"WebPage","@id":"https:\/\/www.ugocd.com\/blog\/2018\/06\/02\/va-o-no-va\/","url":"https:\/\/www.ugocd.com\/blog\/2018\/06\/02\/va-o-no-va\/","name":"\u00bfVa o no va? - Ugo CD Blog | Diario de un pseudoartista","isPartOf":{"@id":"https:\/\/www.ugocd.com\/blog\/#website"},"primaryImageOfPage":{"@id":"https:\/\/www.ugocd.com\/blog\/2018\/06\/02\/va-o-no-va\/#primaryimage"},"image":{"@id":"https:\/\/www.ugocd.com\/blog\/2018\/06\/02\/va-o-no-va\/#primaryimage"},"thumbnailUrl":"https:\/\/www.ugocd.com\/blog\/wp-content\/uploads\/2018\/06\/peru_al_mundial_2018.png","datePublished":"2018-06-02T22:11:34+00:00","dateModified":"2018-06-02T22:28:35+00:00","breadcrumb":{"@id":"https:\/\/www.ugocd.com\/blog\/2018\/06\/02\/va-o-no-va\/#breadcrumb"},"inLanguage":"es-PE","potentialAction":[{"@type":"ReadAction","target":["https:\/\/www.ugocd.com\/blog\/2018\/06\/02\/va-o-no-va\/"]}]},{"@type":"ImageObject","inLanguage":"es-PE","@id":"https:\/\/www.ugocd.com\/blog\/2018\/06\/02\/va-o-no-va\/#primaryimage","url":"https:\/\/www.ugocd.com\/blog\/wp-content\/uploads\/2018\/06\/peru_al_mundial_2018.png","contentUrl":"https:\/\/www.ugocd.com\/blog\/wp-content\/uploads\/2018\/06\/peru_al_mundial_2018.png","width":1441,"height":753},{"@type":"BreadcrumbList","@id":"https:\/\/www.ugocd.com\/blog\/2018\/06\/02\/va-o-no-va\/#breadcrumb","itemListElement":[{"@type":"ListItem","position":1,"name":"Home","item":"https:\/\/www.ugocd.com\/blog\/"},{"@type":"ListItem","position":2,"name":"Opini\u00f3n","item":"https:\/\/www.ugocd.com\/blog\/category\/opinion-libros-peliculas\/"},{"@type":"ListItem","position":3,"name":"\u00bfVa o no va?"}]},{"@type":"WebSite","@id":"https:\/\/www.ugocd.com\/blog\/#website","url":"https:\/\/www.ugocd.com\/blog\/","name":"Ugo CD Blog | Diario de un pseudoartista","description":"Experiencias personales y de Dise\u00f1o. Escribo de todo un poco en mi Diario de un pseudoartista.","publisher":{"@id":"https:\/\/www.ugocd.com\/blog\/#\/schema\/person\/90fa66a6432cc5ba1f2493479c15fa89"},"potentialAction":[{"@type":"SearchAction","target":{"@type":"EntryPoint","urlTemplate":"https:\/\/www.ugocd.com\/blog\/?s={search_term_string}"},"query-input":{"@type":"PropertyValueSpecification","valueRequired":true,"valueName":"search_term_string"}}],"inLanguage":"es-PE"},{"@type":["Person","Organization"],"@id":"https:\/\/www.ugocd.com\/blog\/#\/schema\/person\/90fa66a6432cc5ba1f2493479c15fa89","name":"Ugo CD","image":{"@type":"ImageObject","inLanguage":"es-PE","@id":"https:\/\/www.ugocd.com\/blog\/#\/schema\/person\/image\/","url":"https:\/\/www.ugocd.com\/blog\/wp-content\/uploads\/2023\/10\/isotype-ugocd-color-bk-primary.svg","contentUrl":"https:\/\/www.ugocd.com\/blog\/wp-content\/uploads\/2023\/10\/isotype-ugocd-color-bk-primary.svg","width":129,"height":152,"caption":"Ugo CD"},"logo":{"@id":"https:\/\/www.ugocd.com\/blog\/#\/schema\/person\/image\/"},"description":"Me llamo Ugo CD, soy dise\u00f1ador gr\u00e1fico e ilustrador egresado de la Pontificia Universidad Cat\u00f3lica del Per\u00fa con un Master en lenguas extranjeras y comercio electr\u00f3nico en la UFC de Francia, con conocimiento intermedio en programaci\u00f3n, animaci\u00f3n e ilustraci\u00f3n. Experto en imaginar situaciones poco usuales en momentos bastante comunes.","sameAs":["https:\/\/www.ugocd.com"],"url":"https:\/\/www.ugocd.com\/blog\/author\/ennuyer\/"}]}},"jetpack_featured_media_url":"https:\/\/www.ugocd.com\/blog\/wp-content\/uploads\/2018\/06\/peru_al_mundial_2018.png","jetpack_shortlink":"https:\/\/wp.me\/p9iKuR-67","jetpack_sharing_enabled":true,"_links":{"self":[{"href":"https:\/\/www.ugocd.com\/blog\/wp-json\/wp\/v2\/posts\/379","targetHints":{"allow":["GET"]}}],"collection":[{"href":"https:\/\/www.ugocd.com\/blog\/wp-json\/wp\/v2\/posts"}],"about":[{"href":"https:\/\/www.ugocd.com\/blog\/wp-json\/wp\/v2\/types\/post"}],"author":[{"embeddable":true,"href":"https:\/\/www.ugocd.com\/blog\/wp-json\/wp\/v2\/users\/1"}],"replies":[{"embeddable":true,"href":"https:\/\/www.ugocd.com\/blog\/wp-json\/wp\/v2\/comments?post=379"}],"version-history":[{"count":15,"href":"https:\/\/www.ugocd.com\/blog\/wp-json\/wp\/v2\/posts\/379\/revisions"}],"predecessor-version":[{"id":401,"href":"https:\/\/www.ugocd.com\/blog\/wp-json\/wp\/v2\/posts\/379\/revisions\/401"}],"wp:featuredmedia":[{"embeddable":true,"href":"https:\/\/www.ugocd.com\/blog\/wp-json\/wp\/v2\/media\/396"}],"wp:attachment":[{"href":"https:\/\/www.ugocd.com\/blog\/wp-json\/wp\/v2\/media?parent=379"}],"wp:term":[{"taxonomy":"category","embeddable":true,"href":"https:\/\/www.ugocd.com\/blog\/wp-json\/wp\/v2\/categories?post=379"},{"taxonomy":"post_tag","embeddable":true,"href":"https:\/\/www.ugocd.com\/blog\/wp-json\/wp\/v2\/tags?post=379"}],"curies":[{"name":"wp","href":"https:\/\/api.w.org\/{rel}","templated":true}]}}