{"id":428,"date":"2018-08-21T12:53:59","date_gmt":"2018-08-21T12:53:59","guid":{"rendered":"https:\/\/www.ugocd.com\/blog\/?p=428"},"modified":"2018-08-21T12:54:05","modified_gmt":"2018-08-21T12:54:05","slug":"me-extrajeron-la-ultima-muela-del-juicio-que-me-quedaba","status":"publish","type":"post","link":"https:\/\/www.ugocd.com\/blog\/2018\/08\/21\/me-extrajeron-la-ultima-muela-del-juicio-que-me-quedaba\/","title":{"rendered":"Me extrajeron la \u00faltima muela del juicio que me quedaba"},"content":{"rendered":"\n<p>C\u00f3mo el t\u00edtulo lo indica, hace unos d\u00edas <strong>tuve que pasar por el dentista para la extracci\u00f3n de la \u00faltima muela del juicio<\/strong> que me quedaba.<\/p>\n\n\n\n<p>Toda este drama #dentoemocional comenz\u00f3 hace unos a\u00f1os, cuando me encontraba todav\u00eda en Per\u00fa, <strong>las muela del juicio inferiores<\/strong> empezaron a molestarme, al parecer <strong>estaban empezando a crecer chuecas y empujando mis muelitas<\/strong> \ud83d\ude41 es entonces que decid\u00ed quit\u00e1rmelas.<\/p>\n\n\n\n<p>En aquella \u00e9pocas mi madre trabajaba en la sede de la faculta de odontolog\u00eda de la USMP, entonces me recomend\u00f3 quit\u00e1rmelas all\u00ed. El procedimiento fue una cirug\u00eda que ahora que lo recuerdo me da nervios de de solo pensarlo, no recuerdo haber estado muy nervioso la verdad. Sin embargo s\u00ed fue algo traum\u00e1tico, pues tuvieron que romper la muela y sacarlas en pedazos y las ra\u00edces estaban cerca al nervio, realic\u00e9 los procedimientos en dos partes, una primera cirug\u00eda de extracci\u00f3n de la muela del juicio inferior y superior del lado derecho, y la segunda cirug\u00eda solo la extracci\u00f3n de la muela del juicio de lado inferior izquierdo.<\/p>\n\n\n\n<p>Y all\u00ed fue el error, de por si fue bastante traum\u00e1tico, pero mejor pasarla en una que extenderlo m\u00e1s.. pero yo decid\u00ed quedarme (sin ninguna raz\u00f3n) con la muela del juicio superior izquierda \ud83d\ude41 , pensaba quit\u00e1rmela despu\u00e9s con m\u00e1s calma, pero por diferentes cosas que pasaron en mi vida lo retras\u00e9 y lo olvid\u00e9 hasta hace unas semanas&#8230;<\/p>\n\n\n\n<figure class=\"wp-block-image\"><img fetchpriority=\"high\" decoding=\"async\" width=\"5446\" height=\"2498\" src=\"https:\/\/www.ugocd.com\/blog\/wp-content\/uploads\/2018\/08\/ugocd_muela_del_juicio-1.jpg\" alt=\"Extracci\u00f3n de muela\" class=\"wp-image-437\" srcset=\"https:\/\/www.ugocd.com\/blog\/wp-content\/uploads\/2018\/08\/ugocd_muela_del_juicio-1.jpg 5446w, https:\/\/www.ugocd.com\/blog\/wp-content\/uploads\/2018\/08\/ugocd_muela_del_juicio-1-300x138.jpg 300w, https:\/\/www.ugocd.com\/blog\/wp-content\/uploads\/2018\/08\/ugocd_muela_del_juicio-1-768x352.jpg 768w, https:\/\/www.ugocd.com\/blog\/wp-content\/uploads\/2018\/08\/ugocd_muela_del_juicio-1-1024x470.jpg 1024w, https:\/\/www.ugocd.com\/blog\/wp-content\/uploads\/2018\/08\/ugocd_muela_del_juicio-1-1600x734.jpg 1600w, https:\/\/www.ugocd.com\/blog\/wp-content\/uploads\/2018\/08\/ugocd_muela_del_juicio-1-780x358.jpg 780w\" sizes=\"(max-width: 5446px) 100vw, 5446px\" \/><\/figure>\n\n\n\n<p>Todo comenz\u00f3 con un ligero cosquilleo que sent\u00eda al lavarme los dientes, no le di mayor importancia hasta que empec\u00e9 a notar que no se iba y un d\u00eda la levantarme note que una de mis enc\u00edas ten\u00eda sangre, y no hab\u00eda raz\u00f3n alguna&#8230; luego me percat\u00e9 que ten\u00eda un ligero dolor en esas muelas y sospech\u00e9 que ese diente del juicio \u00faltimo que hab\u00eda dejado estaba empujando mis pobres muelitas :\/<strong> DAME YOU!!<\/strong> yo que te deje vivir&#8230; recurr\u00ed entonces a un dentista; para esto, afortunadamente; no era un dolor terrible el que sent\u00eda porque me dieron la cita para una semana despu\u00e9s.<\/p>\n\n\n\n<p>All llegar donde la dentista en realidad pensaba que me fuera s\u00f3lo a revisar, entonces estaba muy tranquilo hasta que me dijo que la muela del juicio que me quedaba estaba empujando las otras y que la quitar\u00eda en ese preciso momento. Es entonces cuando entre en SHOCK #dentoemocional, me dijo \u00ab<em>Ahora es que tengo a mi asistente y no es que se va a morir tampoco\u00bb <\/em>y yo pens\u00e9 \u00bb <em>Si me da una infecci\u00f3n que llega al cerebro y me hace un paro card\u00edaco s\u00ed que puedo morir&#8230;<\/em>\u00bb pero acced\u00ed pues pens\u00e9 es mejor ahora que despu\u00e9s, y justamente ten\u00eda unos d\u00edas libres para descansar despu\u00e9s por lo que no estuvo mal.<\/p>\n\n\n\n<p>La extracci\u00f3n fue sorprendentemente r\u00e1pida, la dentista, una maestra, lo hizo en menos de un minuto, no tuve dolor, me receto ibuprofeno, pero no me dio antibi\u00f3ticos ni nada y yo pens\u00e9 <strong>\u00abPERO D\u00d3NDE ESTAN MIS ANTIBI\u00d3TICOS!!!\u00bb<\/strong> pero pues no fueron necesarios y no es bueno tomarlos por gusto tampoco u.u.<\/p>\n\n\n\n<p>Es as\u00ed como ahora estoy <strong>chimuelo<\/strong> chicos XD, hablaba al comienzo un poco extra\u00f1o (como si tuviera una gasa metida) pero ya est\u00e1 disminuyendo. <strong>Las primeras 24 horas no me cepill\u00e9 los dientes<\/strong>, apenas com\u00ed y (fue pur\u00e9 fr\u00edo -nada de comidas calientes) nada de alcohol o fumar ( aunque yo no fumo, solo socialmente y si se me antoja) y poquito a poquito he comenzado a comer normal, no estoy yendo al gimnasio esta semana, por lo que mis prominentes m\u00fasculos no ser\u00e1n trabajados por el momento ( est\u00e1n de vacaciones, eeh! y lo necesitaban ;P)<\/p>\n\n\n\n<p>Mi recomendaci\u00f3n final es que si se van a quitar las muelas del juicio se las quiten de dos en dos y no dejen una que pueda moverles las muelas de un costado. Sin embargo <strong>esto debe ser confirmado con el especialista<\/strong>, preg\u00fantenle qu\u00e9 les recomienda, quiz\u00e1s le va a crecer muy atr\u00e1s, tienen espacio y no es necesario.<\/p>\n\n\n\n<p>\u00c0 bient\u00f4t,<br\/>Ugo CD<br\/><\/p>\n\n\n\n<p><\/p>\n\n\n\n<p><\/p>\n","protected":false},"excerpt":{"rendered":"<p>C\u00f3mo el t\u00edtulo lo indica, hace unos d\u00edas tuve que pasar por el dentista para la extracci\u00f3n de la \u00faltima muela del juicio que me quedaba. Toda este drama #dentoemocional comenz\u00f3 hace unos a\u00f1os, cuando me encontraba todav\u00eda en Per\u00fa, las muela del juicio inferiores empezaron a molestarme, al parecer estaban empezando a crecer chuecas [&hellip;]<\/p>\n","protected":false},"author":1,"featured_media":433,"comment_status":"open","ping_status":"open","sticky":false,"template":"","format":"standard","meta":{"jetpack_post_was_ever_published":false,"_jetpack_newsletter_access":"","_jetpack_dont_email_post_to_subs":false,"_jetpack_newsletter_tier_id":0,"_jetpack_memberships_contains_paywalled_content":false,"_jetpack_memberships_contains_paid_content":false,"footnotes":""},"categories":[1],"tags":[56],"class_list":["post-428","post","type-post","status-publish","format-standard","has-post-thumbnail","hentry","category-general","tag-extraccion-de-muela-del-juicio"],"yoast_head":"<!-- This site is optimized with the Yoast SEO plugin v24.2 - https:\/\/yoast.com\/wordpress\/plugins\/seo\/ -->\n<title>Me extrajeron la \u00faltima muela del juicio que me quedaba - Ugo CD Blog | Diario de un pseudoartista<\/title>\n<meta name=\"robots\" content=\"index, follow, max-snippet:-1, max-image-preview:large, max-video-preview:-1\" \/>\n<link rel=\"canonical\" href=\"https:\/\/www.ugocd.com\/blog\/2018\/08\/21\/me-extrajeron-la-ultima-muela-del-juicio-que-me-quedaba\/\" \/>\n<meta property=\"og:locale\" content=\"es_ES\" \/>\n<meta property=\"og:type\" content=\"article\" \/>\n<meta property=\"og:title\" content=\"Me extrajeron la \u00faltima muela del juicio que me quedaba - Ugo CD Blog | Diario de un pseudoartista\" \/>\n<meta property=\"og:description\" content=\"C\u00f3mo el t\u00edtulo lo indica, hace unos d\u00edas tuve que pasar por el dentista para la extracci\u00f3n de la \u00faltima muela del juicio que me quedaba. Toda este drama #dentoemocional comenz\u00f3 hace unos a\u00f1os, cuando me encontraba todav\u00eda en Per\u00fa, las muela del juicio inferiores empezaron a molestarme, al parecer estaban empezando a crecer chuecas [&hellip;]\" \/>\n<meta property=\"og:url\" content=\"https:\/\/www.ugocd.com\/blog\/2018\/08\/21\/me-extrajeron-la-ultima-muela-del-juicio-que-me-quedaba\/\" \/>\n<meta property=\"og:site_name\" content=\"Ugo CD Blog | Diario de un pseudoartista\" \/>\n<meta property=\"article:published_time\" content=\"2018-08-21T12:53:59+00:00\" \/>\n<meta property=\"article:modified_time\" content=\"2018-08-21T12:54:05+00:00\" \/>\n<meta property=\"og:image\" content=\"https:\/\/www.ugocd.com\/blog\/wp-content\/uploads\/2018\/08\/ugocd_muela_del_juicio_small.jpg\" \/>\n\t<meta property=\"og:image:width\" content=\"1734\" \/>\n\t<meta property=\"og:image:height\" content=\"799\" \/>\n\t<meta property=\"og:image:type\" content=\"image\/jpeg\" \/>\n<meta name=\"author\" content=\"Ugo CD\" \/>\n<meta name=\"twitter:card\" content=\"summary_large_image\" \/>\n<meta name=\"twitter:label1\" content=\"Written by\" \/>\n\t<meta name=\"twitter:data1\" content=\"Ugo CD\" \/>\n\t<meta name=\"twitter:label2\" content=\"Est. reading time\" \/>\n\t<meta name=\"twitter:data2\" content=\"4 minutos\" \/>\n<script type=\"application\/ld+json\" class=\"yoast-schema-graph\">{\"@context\":\"https:\/\/schema.org\",\"@graph\":[{\"@type\":\"Article\",\"@id\":\"https:\/\/www.ugocd.com\/blog\/2018\/08\/21\/me-extrajeron-la-ultima-muela-del-juicio-que-me-quedaba\/#article\",\"isPartOf\":{\"@id\":\"https:\/\/www.ugocd.com\/blog\/2018\/08\/21\/me-extrajeron-la-ultima-muela-del-juicio-que-me-quedaba\/\"},\"author\":{\"name\":\"Ugo CD\",\"@id\":\"https:\/\/www.ugocd.com\/blog\/#\/schema\/person\/90fa66a6432cc5ba1f2493479c15fa89\"},\"headline\":\"Me extrajeron la \u00faltima muela del juicio que me quedaba\",\"datePublished\":\"2018-08-21T12:53:59+00:00\",\"dateModified\":\"2018-08-21T12:54:05+00:00\",\"mainEntityOfPage\":{\"@id\":\"https:\/\/www.ugocd.com\/blog\/2018\/08\/21\/me-extrajeron-la-ultima-muela-del-juicio-que-me-quedaba\/\"},\"wordCount\":718,\"commentCount\":0,\"publisher\":{\"@id\":\"https:\/\/www.ugocd.com\/blog\/#\/schema\/person\/90fa66a6432cc5ba1f2493479c15fa89\"},\"image\":{\"@id\":\"https:\/\/www.ugocd.com\/blog\/2018\/08\/21\/me-extrajeron-la-ultima-muela-del-juicio-que-me-quedaba\/#primaryimage\"},\"thumbnailUrl\":\"https:\/\/www.ugocd.com\/blog\/wp-content\/uploads\/2018\/08\/ugocd_muela_del_juicio_small.jpg\",\"keywords\":[\"extraccion de muela del juicio\"],\"articleSection\":[\"General\"],\"inLanguage\":\"es-PE\",\"potentialAction\":[{\"@type\":\"CommentAction\",\"name\":\"Comment\",\"target\":[\"https:\/\/www.ugocd.com\/blog\/2018\/08\/21\/me-extrajeron-la-ultima-muela-del-juicio-que-me-quedaba\/#respond\"]}]},{\"@type\":\"WebPage\",\"@id\":\"https:\/\/www.ugocd.com\/blog\/2018\/08\/21\/me-extrajeron-la-ultima-muela-del-juicio-que-me-quedaba\/\",\"url\":\"https:\/\/www.ugocd.com\/blog\/2018\/08\/21\/me-extrajeron-la-ultima-muela-del-juicio-que-me-quedaba\/\",\"name\":\"Me extrajeron la \u00faltima muela del juicio que me quedaba - Ugo CD Blog | Diario de un pseudoartista\",\"isPartOf\":{\"@id\":\"https:\/\/www.ugocd.com\/blog\/#website\"},\"primaryImageOfPage\":{\"@id\":\"https:\/\/www.ugocd.com\/blog\/2018\/08\/21\/me-extrajeron-la-ultima-muela-del-juicio-que-me-quedaba\/#primaryimage\"},\"image\":{\"@id\":\"https:\/\/www.ugocd.com\/blog\/2018\/08\/21\/me-extrajeron-la-ultima-muela-del-juicio-que-me-quedaba\/#primaryimage\"},\"thumbnailUrl\":\"https:\/\/www.ugocd.com\/blog\/wp-content\/uploads\/2018\/08\/ugocd_muela_del_juicio_small.jpg\",\"datePublished\":\"2018-08-21T12:53:59+00:00\",\"dateModified\":\"2018-08-21T12:54:05+00:00\",\"breadcrumb\":{\"@id\":\"https:\/\/www.ugocd.com\/blog\/2018\/08\/21\/me-extrajeron-la-ultima-muela-del-juicio-que-me-quedaba\/#breadcrumb\"},\"inLanguage\":\"es-PE\",\"potentialAction\":[{\"@type\":\"ReadAction\",\"target\":[\"https:\/\/www.ugocd.com\/blog\/2018\/08\/21\/me-extrajeron-la-ultima-muela-del-juicio-que-me-quedaba\/\"]}]},{\"@type\":\"ImageObject\",\"inLanguage\":\"es-PE\",\"@id\":\"https:\/\/www.ugocd.com\/blog\/2018\/08\/21\/me-extrajeron-la-ultima-muela-del-juicio-que-me-quedaba\/#primaryimage\",\"url\":\"https:\/\/www.ugocd.com\/blog\/wp-content\/uploads\/2018\/08\/ugocd_muela_del_juicio_small.jpg\",\"contentUrl\":\"https:\/\/www.ugocd.com\/blog\/wp-content\/uploads\/2018\/08\/ugocd_muela_del_juicio_small.jpg\",\"width\":1734,\"height\":799},{\"@type\":\"BreadcrumbList\",\"@id\":\"https:\/\/www.ugocd.com\/blog\/2018\/08\/21\/me-extrajeron-la-ultima-muela-del-juicio-que-me-quedaba\/#breadcrumb\",\"itemListElement\":[{\"@type\":\"ListItem\",\"position\":1,\"name\":\"Home\",\"item\":\"https:\/\/www.ugocd.com\/blog\/\"},{\"@type\":\"ListItem\",\"position\":2,\"name\":\"General\",\"item\":\"https:\/\/www.ugocd.com\/blog\/category\/general\/\"},{\"@type\":\"ListItem\",\"position\":3,\"name\":\"Me extrajeron la \u00faltima muela del juicio que me quedaba\"}]},{\"@type\":\"WebSite\",\"@id\":\"https:\/\/www.ugocd.com\/blog\/#website\",\"url\":\"https:\/\/www.ugocd.com\/blog\/\",\"name\":\"Ugo CD Blog | Diario de un pseudoartista\",\"description\":\"Experiencias personales y de Dise\u00f1o. Escribo de todo un poco en mi Diario de un pseudoartista.\",\"publisher\":{\"@id\":\"https:\/\/www.ugocd.com\/blog\/#\/schema\/person\/90fa66a6432cc5ba1f2493479c15fa89\"},\"potentialAction\":[{\"@type\":\"SearchAction\",\"target\":{\"@type\":\"EntryPoint\",\"urlTemplate\":\"https:\/\/www.ugocd.com\/blog\/?s={search_term_string}\"},\"query-input\":{\"@type\":\"PropertyValueSpecification\",\"valueRequired\":true,\"valueName\":\"search_term_string\"}}],\"inLanguage\":\"es-PE\"},{\"@type\":[\"Person\",\"Organization\"],\"@id\":\"https:\/\/www.ugocd.com\/blog\/#\/schema\/person\/90fa66a6432cc5ba1f2493479c15fa89\",\"name\":\"Ugo CD\",\"image\":{\"@type\":\"ImageObject\",\"inLanguage\":\"es-PE\",\"@id\":\"https:\/\/www.ugocd.com\/blog\/#\/schema\/person\/image\/\",\"url\":\"https:\/\/www.ugocd.com\/blog\/wp-content\/uploads\/2023\/10\/isotype-ugocd-color-bk-primary.svg\",\"contentUrl\":\"https:\/\/www.ugocd.com\/blog\/wp-content\/uploads\/2023\/10\/isotype-ugocd-color-bk-primary.svg\",\"width\":129,\"height\":152,\"caption\":\"Ugo CD\"},\"logo\":{\"@id\":\"https:\/\/www.ugocd.com\/blog\/#\/schema\/person\/image\/\"},\"description\":\"Me llamo Ugo CD, soy dise\u00f1ador gr\u00e1fico e ilustrador egresado de la Pontificia Universidad Cat\u00f3lica del Per\u00fa con un Master en lenguas extranjeras y comercio electr\u00f3nico en la UFC de Francia, con conocimiento intermedio en programaci\u00f3n, animaci\u00f3n e ilustraci\u00f3n. Experto en imaginar situaciones poco usuales en momentos bastante comunes.\",\"sameAs\":[\"https:\/\/www.ugocd.com\"],\"url\":\"https:\/\/www.ugocd.com\/blog\/author\/ennuyer\/\"}]}<\/script>\n<!-- \/ Yoast SEO plugin. -->","yoast_head_json":{"title":"Me extrajeron la \u00faltima muela del juicio que me quedaba - Ugo CD Blog | Diario de un pseudoartista","robots":{"index":"index","follow":"follow","max-snippet":"max-snippet:-1","max-image-preview":"max-image-preview:large","max-video-preview":"max-video-preview:-1"},"canonical":"https:\/\/www.ugocd.com\/blog\/2018\/08\/21\/me-extrajeron-la-ultima-muela-del-juicio-que-me-quedaba\/","og_locale":"es_ES","og_type":"article","og_title":"Me extrajeron la \u00faltima muela del juicio que me quedaba - Ugo CD Blog | Diario de un pseudoartista","og_description":"C\u00f3mo el t\u00edtulo lo indica, hace unos d\u00edas tuve que pasar por el dentista para la extracci\u00f3n de la \u00faltima muela del juicio que me quedaba. Toda este drama #dentoemocional comenz\u00f3 hace unos a\u00f1os, cuando me encontraba todav\u00eda en Per\u00fa, las muela del juicio inferiores empezaron a molestarme, al parecer estaban empezando a crecer chuecas [&hellip;]","og_url":"https:\/\/www.ugocd.com\/blog\/2018\/08\/21\/me-extrajeron-la-ultima-muela-del-juicio-que-me-quedaba\/","og_site_name":"Ugo CD Blog | Diario de un pseudoartista","article_published_time":"2018-08-21T12:53:59+00:00","article_modified_time":"2018-08-21T12:54:05+00:00","og_image":[{"width":1734,"height":799,"url":"https:\/\/www.ugocd.com\/blog\/wp-content\/uploads\/2018\/08\/ugocd_muela_del_juicio_small.jpg","type":"image\/jpeg"}],"author":"Ugo CD","twitter_card":"summary_large_image","twitter_misc":{"Written by":"Ugo CD","Est. reading time":"4 minutos"},"schema":{"@context":"https:\/\/schema.org","@graph":[{"@type":"Article","@id":"https:\/\/www.ugocd.com\/blog\/2018\/08\/21\/me-extrajeron-la-ultima-muela-del-juicio-que-me-quedaba\/#article","isPartOf":{"@id":"https:\/\/www.ugocd.com\/blog\/2018\/08\/21\/me-extrajeron-la-ultima-muela-del-juicio-que-me-quedaba\/"},"author":{"name":"Ugo CD","@id":"https:\/\/www.ugocd.com\/blog\/#\/schema\/person\/90fa66a6432cc5ba1f2493479c15fa89"},"headline":"Me extrajeron la \u00faltima muela del juicio que me quedaba","datePublished":"2018-08-21T12:53:59+00:00","dateModified":"2018-08-21T12:54:05+00:00","mainEntityOfPage":{"@id":"https:\/\/www.ugocd.com\/blog\/2018\/08\/21\/me-extrajeron-la-ultima-muela-del-juicio-que-me-quedaba\/"},"wordCount":718,"commentCount":0,"publisher":{"@id":"https:\/\/www.ugocd.com\/blog\/#\/schema\/person\/90fa66a6432cc5ba1f2493479c15fa89"},"image":{"@id":"https:\/\/www.ugocd.com\/blog\/2018\/08\/21\/me-extrajeron-la-ultima-muela-del-juicio-que-me-quedaba\/#primaryimage"},"thumbnailUrl":"https:\/\/www.ugocd.com\/blog\/wp-content\/uploads\/2018\/08\/ugocd_muela_del_juicio_small.jpg","keywords":["extraccion de muela del juicio"],"articleSection":["General"],"inLanguage":"es-PE","potentialAction":[{"@type":"CommentAction","name":"Comment","target":["https:\/\/www.ugocd.com\/blog\/2018\/08\/21\/me-extrajeron-la-ultima-muela-del-juicio-que-me-quedaba\/#respond"]}]},{"@type":"WebPage","@id":"https:\/\/www.ugocd.com\/blog\/2018\/08\/21\/me-extrajeron-la-ultima-muela-del-juicio-que-me-quedaba\/","url":"https:\/\/www.ugocd.com\/blog\/2018\/08\/21\/me-extrajeron-la-ultima-muela-del-juicio-que-me-quedaba\/","name":"Me extrajeron la \u00faltima muela del juicio que me quedaba - Ugo CD Blog | Diario de un pseudoartista","isPartOf":{"@id":"https:\/\/www.ugocd.com\/blog\/#website"},"primaryImageOfPage":{"@id":"https:\/\/www.ugocd.com\/blog\/2018\/08\/21\/me-extrajeron-la-ultima-muela-del-juicio-que-me-quedaba\/#primaryimage"},"image":{"@id":"https:\/\/www.ugocd.com\/blog\/2018\/08\/21\/me-extrajeron-la-ultima-muela-del-juicio-que-me-quedaba\/#primaryimage"},"thumbnailUrl":"https:\/\/www.ugocd.com\/blog\/wp-content\/uploads\/2018\/08\/ugocd_muela_del_juicio_small.jpg","datePublished":"2018-08-21T12:53:59+00:00","dateModified":"2018-08-21T12:54:05+00:00","breadcrumb":{"@id":"https:\/\/www.ugocd.com\/blog\/2018\/08\/21\/me-extrajeron-la-ultima-muela-del-juicio-que-me-quedaba\/#breadcrumb"},"inLanguage":"es-PE","potentialAction":[{"@type":"ReadAction","target":["https:\/\/www.ugocd.com\/blog\/2018\/08\/21\/me-extrajeron-la-ultima-muela-del-juicio-que-me-quedaba\/"]}]},{"@type":"ImageObject","inLanguage":"es-PE","@id":"https:\/\/www.ugocd.com\/blog\/2018\/08\/21\/me-extrajeron-la-ultima-muela-del-juicio-que-me-quedaba\/#primaryimage","url":"https:\/\/www.ugocd.com\/blog\/wp-content\/uploads\/2018\/08\/ugocd_muela_del_juicio_small.jpg","contentUrl":"https:\/\/www.ugocd.com\/blog\/wp-content\/uploads\/2018\/08\/ugocd_muela_del_juicio_small.jpg","width":1734,"height":799},{"@type":"BreadcrumbList","@id":"https:\/\/www.ugocd.com\/blog\/2018\/08\/21\/me-extrajeron-la-ultima-muela-del-juicio-que-me-quedaba\/#breadcrumb","itemListElement":[{"@type":"ListItem","position":1,"name":"Home","item":"https:\/\/www.ugocd.com\/blog\/"},{"@type":"ListItem","position":2,"name":"General","item":"https:\/\/www.ugocd.com\/blog\/category\/general\/"},{"@type":"ListItem","position":3,"name":"Me extrajeron la \u00faltima muela del juicio que me quedaba"}]},{"@type":"WebSite","@id":"https:\/\/www.ugocd.com\/blog\/#website","url":"https:\/\/www.ugocd.com\/blog\/","name":"Ugo CD Blog | Diario de un pseudoartista","description":"Experiencias personales y de Dise\u00f1o. Escribo de todo un poco en mi Diario de un pseudoartista.","publisher":{"@id":"https:\/\/www.ugocd.com\/blog\/#\/schema\/person\/90fa66a6432cc5ba1f2493479c15fa89"},"potentialAction":[{"@type":"SearchAction","target":{"@type":"EntryPoint","urlTemplate":"https:\/\/www.ugocd.com\/blog\/?s={search_term_string}"},"query-input":{"@type":"PropertyValueSpecification","valueRequired":true,"valueName":"search_term_string"}}],"inLanguage":"es-PE"},{"@type":["Person","Organization"],"@id":"https:\/\/www.ugocd.com\/blog\/#\/schema\/person\/90fa66a6432cc5ba1f2493479c15fa89","name":"Ugo CD","image":{"@type":"ImageObject","inLanguage":"es-PE","@id":"https:\/\/www.ugocd.com\/blog\/#\/schema\/person\/image\/","url":"https:\/\/www.ugocd.com\/blog\/wp-content\/uploads\/2023\/10\/isotype-ugocd-color-bk-primary.svg","contentUrl":"https:\/\/www.ugocd.com\/blog\/wp-content\/uploads\/2023\/10\/isotype-ugocd-color-bk-primary.svg","width":129,"height":152,"caption":"Ugo CD"},"logo":{"@id":"https:\/\/www.ugocd.com\/blog\/#\/schema\/person\/image\/"},"description":"Me llamo Ugo CD, soy dise\u00f1ador gr\u00e1fico e ilustrador egresado de la Pontificia Universidad Cat\u00f3lica del Per\u00fa con un Master en lenguas extranjeras y comercio electr\u00f3nico en la UFC de Francia, con conocimiento intermedio en programaci\u00f3n, animaci\u00f3n e ilustraci\u00f3n. Experto en imaginar situaciones poco usuales en momentos bastante comunes.","sameAs":["https:\/\/www.ugocd.com"],"url":"https:\/\/www.ugocd.com\/blog\/author\/ennuyer\/"}]}},"jetpack_featured_media_url":"https:\/\/www.ugocd.com\/blog\/wp-content\/uploads\/2018\/08\/ugocd_muela_del_juicio_small.jpg","jetpack_shortlink":"https:\/\/wp.me\/p9iKuR-6U","jetpack_sharing_enabled":true,"_links":{"self":[{"href":"https:\/\/www.ugocd.com\/blog\/wp-json\/wp\/v2\/posts\/428","targetHints":{"allow":["GET"]}}],"collection":[{"href":"https:\/\/www.ugocd.com\/blog\/wp-json\/wp\/v2\/posts"}],"about":[{"href":"https:\/\/www.ugocd.com\/blog\/wp-json\/wp\/v2\/types\/post"}],"author":[{"embeddable":true,"href":"https:\/\/www.ugocd.com\/blog\/wp-json\/wp\/v2\/users\/1"}],"replies":[{"embeddable":true,"href":"https:\/\/www.ugocd.com\/blog\/wp-json\/wp\/v2\/comments?post=428"}],"version-history":[{"count":6,"href":"https:\/\/www.ugocd.com\/blog\/wp-json\/wp\/v2\/posts\/428\/revisions"}],"predecessor-version":[{"id":438,"href":"https:\/\/www.ugocd.com\/blog\/wp-json\/wp\/v2\/posts\/428\/revisions\/438"}],"wp:featuredmedia":[{"embeddable":true,"href":"https:\/\/www.ugocd.com\/blog\/wp-json\/wp\/v2\/media\/433"}],"wp:attachment":[{"href":"https:\/\/www.ugocd.com\/blog\/wp-json\/wp\/v2\/media?parent=428"}],"wp:term":[{"taxonomy":"category","embeddable":true,"href":"https:\/\/www.ugocd.com\/blog\/wp-json\/wp\/v2\/categories?post=428"},{"taxonomy":"post_tag","embeddable":true,"href":"https:\/\/www.ugocd.com\/blog\/wp-json\/wp\/v2\/tags?post=428"}],"curies":[{"name":"wp","href":"https:\/\/api.w.org\/{rel}","templated":true}]}}