{"id":536,"date":"2020-03-06T19:00:00","date_gmt":"2020-03-06T19:00:00","guid":{"rendered":"https:\/\/www.ugocd.com\/blog\/?p=536"},"modified":"2020-03-05T18:40:20","modified_gmt":"2020-03-05T18:40:20","slug":"regresando-a-mis-proyectos-creativos","status":"publish","type":"post","link":"https:\/\/www.ugocd.com\/blog\/2020\/03\/06\/regresando-a-mis-proyectos-creativos\/","title":{"rendered":"Regresando&#8230;"},"content":{"rendered":"\n<p>Siempre ando regresando a mis proyectos creativos despu\u00e9s de tiempo de haberlos dejado.<\/p>\n\n\n\n<p>Considero que es parte de mi proceso inventivo el <strong>partir en alg\u00fan punto y luego de tiempo, con otra perspectiva m\u00e1s fresca, retornar<\/strong>. Desde que recuerdo, me han gustado diferentes temas, pero por periodos limitados, normalmente entre tres a cuatro meses.<\/p>\n\n\n\n<p>Nunca me he logrado decidir cu\u00e1l quiero mantener para siempre como proyecto \u00fanico, ya sea en el UX, <a href=\"https:\/\/www.ugocd.com\/diseno_grafico\">dise\u00f1o gr\u00e1fico<\/a>, maquetaci\u00f3n, animaci\u00f3n, webcomics, videos, escribir, etc<\/p>\n\n\n\n<p>Con los a\u00f1os he aprendido a <strong>aceptar que es mi naturaleza y que no es algo malo, no necesariamente debo elegir algo en particular<\/strong>. Por lo menos no en cuanto a mis hobbies se refiere.<\/p>\n\n\n\n<p>Me especializo en el Dise\u00f1o pero hay temas ligados que me apasionan tambi\u00e9n. Si bien desde hace 3 a\u00f1os trabajo netamente en temas de concepci\u00f3n de interfaces, nunca he dejado de regresar a mis proyectos personales.<\/p>\n\n\n\n<h2 class=\"wp-block-heading\">\u00bfSer\u00e9 multipotencial?<\/h2>\n\n\n\n<p>Hace poco le\u00ed un art\u00edculo sobre los \u201cMultipotenciales\u201d. <strong>Estas personas han desarrollado habilidades en m\u00faltiples disciplinas<\/strong>, y es que les apasiona el aprender sobre diferentes temas, no se pueden decidir por una sola.<\/p>\n\n\n\n<p>Cuando encuentran una disciplina que les llama la atenci\u00f3n se obsesionan hasta lograr conocerla en profundidad. Sin embargo luego de un tiempo, cuando logran ser buenos en ella, cambian a otra nueva y as\u00ed sucesivamente.<\/p>\n\n\n\n<p>En el Renacimiento se les consideraban \u201cHumanistas\u201d. Leonardo Da Vinci es considerado un multipotencial de esa \u00e9poca. Existen otros personajes tales como Galileo Galilei, Newton, Will Smith, David Bowie, entre otros.<\/p>\n\n\n\n<p>No me considero definitivamente un Multipontencial, pero<strong> comparto ciertas actitudes como el hambre por aprender<\/strong>. Asimismo, esa obsesi\u00f3n que me viene cuando quiero realizar un proyecto en particular.<\/p>\n\n\n\n<div class=\"wp-block-image\"><figure class=\"aligncenter size-large\"><img fetchpriority=\"high\" decoding=\"async\" width=\"910\" height=\"370\" src=\"https:\/\/www.ugocd.com\/blog\/wp-content\/uploads\/2020\/02\/multipotenciales-david-bowie-leonardo-da-vinci.png\" alt=\"Multipotenciales como Leonardo da vinci y david bowie\" class=\"wp-image-955\" srcset=\"https:\/\/www.ugocd.com\/blog\/wp-content\/uploads\/2020\/02\/multipotenciales-david-bowie-leonardo-da-vinci.png 910w, https:\/\/www.ugocd.com\/blog\/wp-content\/uploads\/2020\/02\/multipotenciales-david-bowie-leonardo-da-vinci-300x122.png 300w, https:\/\/www.ugocd.com\/blog\/wp-content\/uploads\/2020\/02\/multipotenciales-david-bowie-leonardo-da-vinci-768x312.png 768w\" sizes=\"(max-width: 910px) 100vw, 910px\" \/><figcaption>Grandes ejemplos en la historia de Multipotenciales son David Bowie y Leonardo Da Vinci.<\/figcaption><\/figure><\/div>\n\n\n\n<h2 class=\"wp-block-heading\">\u00bfC\u00f3mo viene esta sensaci\u00f3n de creaci\u00f3n?<\/h2>\n\n\n\n<p>Esta sensaci\u00f3n me ha venido seguido cuando quiero<strong> trabajar en el SEO de mi sitio web.<\/strong> Es cuando empiezo a devorar art\u00edculos y videos tutoriales para poder perfeccionarlo al m\u00e1ximo de lo que puedo.<\/p>\n\n\n\n<p>Una vez logro mejorarlo me concentro en mi <a href=\"https:\/\/www.ugocd.com\/blog\/2017\/06\/11\/infinidad\/\">webcomic<\/a>. Me obsesiono en la trama, el desarrollo de personalidades de mis personajes, la composici\u00f3n de vi\u00f1etas, los di\u00e1logos y c\u00f3mo la historia se enlaza entre cap\u00edtulos.<\/p>\n\n\n\n<p>Despu\u00e9s, recientemente, he pasado al UX\/UI.  Este tema me tiene leyendo las teor\u00edas de Gestalt y psicolog\u00eda del color. Tambi\u00e9n sobre wireframes, arquitectura de la informaci\u00f3n, usabilidad web, design thinking y la importancia de la empat\u00eda, etc.<\/p>\n\n\n\n<p>La diferencia con los Multipotenciales en mi caso es que en general son siempre los mismos temas a los que regreso. Estos van ligados al arte, <strong>ese es el coraz\u00f3n de todo lo que orbita alrededor de mis gustos.<\/strong><\/p>\n\n\n\n<p>Me pasa a menudo el esperar el fin de semana para poder hacer estos proyectos que me han estado murmurando al o\u00eddo previamente.<\/p>\n\n\n\n<p>Tengo esta sensaci\u00f3n, antes de que un nuevo ciclo comience, de el no querer empezarlo de inmediato. Dejo que me murmure hasta casi gritar para hacerme sentir que quiero realmente hacerlo.<\/p>\n\n\n\n<blockquote class=\"wp-block-quote is-layout-flow wp-block-quote-is-layout-flow\"><p>Es como querer comerte un postre y postergarlo lo m\u00e1s que puedas porque sabes que al final el gusto ser\u00e1 mayor.<\/p><\/blockquote>\n\n\n\n<figure class=\"wp-block-image size-large\"><img decoding=\"async\" width=\"910\" height=\"370\" src=\"https:\/\/www.ugocd.com\/blog\/wp-content\/uploads\/2020\/02\/multipotenciales-creativos.png\" alt=\"Multipotenciales creativos\" class=\"wp-image-952\" srcset=\"https:\/\/www.ugocd.com\/blog\/wp-content\/uploads\/2020\/02\/multipotenciales-creativos.png 910w, https:\/\/www.ugocd.com\/blog\/wp-content\/uploads\/2020\/02\/multipotenciales-creativos-300x122.png 300w, https:\/\/www.ugocd.com\/blog\/wp-content\/uploads\/2020\/02\/multipotenciales-creativos-768x312.png 768w\" sizes=\"(max-width: 910px) 100vw, 910px\" \/><figcaption>Siempre regresando a mis proyectos creativos, aunque haya pasado much\u00edsimo tiempo, incluso a\u00f1os<\/figcaption><\/figure>\n\n\n\n<h2 class=\"wp-block-heading\">Probando hacer cosas nuevas<\/h2>\n\n\n\n<p>Recientemente lo m\u00e1s diferente que he hecho fue abrir mi canal de YouTube al que pienso regresar pronto,<strong> fue una experiencia m\u00e1s f\u00edsicamente expresiva<\/strong>. Con esto me refiero a que antes me he expresado a trav\u00e9s de mis dibujos, ilustraciones o animaciones pero no con mi propio cuerpo.<\/p>\n\n\n\n<p>No es f\u00e1cil pararse en frente de una c\u00e1mara y gesticular de manera muy espontanea, por lo menos al principio a m\u00ed me cost\u00f3.&nbsp;<\/p>\n\n\n\n<p>Extra\u00f1o mucho hacer esculturas con cer\u00e1mica en fr\u00edo y pintar al \u00f3leo como cuando estudie en la Universidad. Son sensaciones exquisitas que me gustar\u00eda en alg\u00fan momento volver a sentirlas, ojal\u00e1 no sea una promesa que no se cumpla en mucho tiempo.<br><strong>Hoy me encuentro regresando a mis proyectos creativos<\/strong> y espero tenga nuevos temas a contarles por aqu\u00ed.<\/p>\n\n\n\n<p>Conmigo ser\u00e1 hasta un pr\u00f3ximo blog,<\/p>\n\n\n\n<p>\u00c0 bient\u00f4t,<\/p>\n\n\n\n<p><strong>Ugo CD<\/strong><br><a href=\"https:\/\/www.ugocd.com\/\">Dise\u00f1ador gr\u00e1fico freelance<\/a><\/p>\n","protected":false},"excerpt":{"rendered":"<p>Siempre ando regresando a mis proyectos creativos despu\u00e9s de tiempo de haberlos dejado. Considero que es parte de mi proceso inventivo el partir en alg\u00fan punto y luego de tiempo, con otra perspectiva m\u00e1s fresca, retornar. Desde que recuerdo, me han gustado diferentes temas, pero por periodos limitados, normalmente entre tres a cuatro meses. Nunca [&hellip;]<\/p>\n","protected":false},"author":1,"featured_media":954,"comment_status":"open","ping_status":"open","sticky":false,"template":"","format":"standard","meta":{"jetpack_post_was_ever_published":false,"_jetpack_newsletter_access":"","_jetpack_dont_email_post_to_subs":false,"_jetpack_newsletter_tier_id":0,"_jetpack_memberships_contains_paywalled_content":false,"_jetpack_memberships_contains_paid_content":false,"footnotes":""},"categories":[1],"tags":[44,74,73],"class_list":["post-536","post","type-post","status-publish","format-standard","has-post-thumbnail","hentry","category-general","tag-creatividad","tag-multipotencial","tag-proyectos-creativos"],"yoast_head":"<!-- This site is optimized with the Yoast SEO plugin v24.2 - https:\/\/yoast.com\/wordpress\/plugins\/seo\/ -->\n<title>Regresando a mis proyectos creativos, mi Diario d&#039;un pseudoartista<\/title>\n<meta name=\"description\" content=\"Deje un tiempo el blog, ahora me encuentro regresando a mis proyectos creativos. En este articulo hablo sobre mis obseciones ciclicas hacia mis proyectos.\" \/>\n<meta name=\"robots\" content=\"index, follow, max-snippet:-1, max-image-preview:large, max-video-preview:-1\" \/>\n<link rel=\"canonical\" href=\"https:\/\/www.ugocd.com\/blog\/2020\/03\/06\/regresando-a-mis-proyectos-creativos\/\" \/>\n<meta property=\"og:locale\" content=\"es_ES\" \/>\n<meta property=\"og:type\" content=\"article\" \/>\n<meta property=\"og:title\" content=\"Regresando a mis proyectos creativos, mi Diario d&#039;un pseudoartista\" \/>\n<meta property=\"og:description\" content=\"Deje un tiempo el blog, ahora me encuentro regresando a mis proyectos creativos. En este articulo hablo sobre mis obseciones ciclicas hacia mis proyectos.\" \/>\n<meta property=\"og:url\" content=\"https:\/\/www.ugocd.com\/blog\/2020\/03\/06\/regresando-a-mis-proyectos-creativos\/\" \/>\n<meta property=\"og:site_name\" content=\"Ugo CD Blog | Diario de un pseudoartista\" \/>\n<meta property=\"article:published_time\" content=\"2020-03-06T19:00:00+00:00\" \/>\n<meta property=\"article:modified_time\" content=\"2020-03-05T18:40:20+00:00\" \/>\n<meta property=\"og:image\" content=\"https:\/\/www.ugocd.com\/blog\/wp-content\/uploads\/2020\/02\/regresando.png\" \/>\n\t<meta property=\"og:image:width\" content=\"910\" \/>\n\t<meta property=\"og:image:height\" content=\"370\" \/>\n\t<meta property=\"og:image:type\" content=\"image\/png\" \/>\n<meta name=\"author\" content=\"Ugo CD\" \/>\n<meta name=\"twitter:card\" content=\"summary_large_image\" \/>\n<meta name=\"twitter:label1\" content=\"Written by\" \/>\n\t<meta name=\"twitter:data1\" content=\"Ugo CD\" \/>\n\t<meta name=\"twitter:label2\" content=\"Est. reading time\" \/>\n\t<meta name=\"twitter:data2\" content=\"4 minutos\" \/>\n<script type=\"application\/ld+json\" class=\"yoast-schema-graph\">{\"@context\":\"https:\/\/schema.org\",\"@graph\":[{\"@type\":\"Article\",\"@id\":\"https:\/\/www.ugocd.com\/blog\/2020\/03\/06\/regresando-a-mis-proyectos-creativos\/#article\",\"isPartOf\":{\"@id\":\"https:\/\/www.ugocd.com\/blog\/2020\/03\/06\/regresando-a-mis-proyectos-creativos\/\"},\"author\":{\"name\":\"Ugo CD\",\"@id\":\"https:\/\/www.ugocd.com\/blog\/#\/schema\/person\/90fa66a6432cc5ba1f2493479c15fa89\"},\"headline\":\"Regresando&#8230;\",\"datePublished\":\"2020-03-06T19:00:00+00:00\",\"dateModified\":\"2020-03-05T18:40:20+00:00\",\"mainEntityOfPage\":{\"@id\":\"https:\/\/www.ugocd.com\/blog\/2020\/03\/06\/regresando-a-mis-proyectos-creativos\/\"},\"wordCount\":737,\"commentCount\":1,\"publisher\":{\"@id\":\"https:\/\/www.ugocd.com\/blog\/#\/schema\/person\/90fa66a6432cc5ba1f2493479c15fa89\"},\"image\":{\"@id\":\"https:\/\/www.ugocd.com\/blog\/2020\/03\/06\/regresando-a-mis-proyectos-creativos\/#primaryimage\"},\"thumbnailUrl\":\"https:\/\/www.ugocd.com\/blog\/wp-content\/uploads\/2020\/02\/regresando.png\",\"keywords\":[\"creatividad\",\"multipotencial\",\"proyectos creativos\"],\"articleSection\":[\"General\"],\"inLanguage\":\"es-PE\",\"potentialAction\":[{\"@type\":\"CommentAction\",\"name\":\"Comment\",\"target\":[\"https:\/\/www.ugocd.com\/blog\/2020\/03\/06\/regresando-a-mis-proyectos-creativos\/#respond\"]}]},{\"@type\":\"WebPage\",\"@id\":\"https:\/\/www.ugocd.com\/blog\/2020\/03\/06\/regresando-a-mis-proyectos-creativos\/\",\"url\":\"https:\/\/www.ugocd.com\/blog\/2020\/03\/06\/regresando-a-mis-proyectos-creativos\/\",\"name\":\"Regresando a mis proyectos creativos, mi Diario d'un pseudoartista\",\"isPartOf\":{\"@id\":\"https:\/\/www.ugocd.com\/blog\/#website\"},\"primaryImageOfPage\":{\"@id\":\"https:\/\/www.ugocd.com\/blog\/2020\/03\/06\/regresando-a-mis-proyectos-creativos\/#primaryimage\"},\"image\":{\"@id\":\"https:\/\/www.ugocd.com\/blog\/2020\/03\/06\/regresando-a-mis-proyectos-creativos\/#primaryimage\"},\"thumbnailUrl\":\"https:\/\/www.ugocd.com\/blog\/wp-content\/uploads\/2020\/02\/regresando.png\",\"datePublished\":\"2020-03-06T19:00:00+00:00\",\"dateModified\":\"2020-03-05T18:40:20+00:00\",\"description\":\"Deje un tiempo el blog, ahora me encuentro regresando a mis proyectos creativos. En este articulo hablo sobre mis obseciones ciclicas hacia mis proyectos.\",\"breadcrumb\":{\"@id\":\"https:\/\/www.ugocd.com\/blog\/2020\/03\/06\/regresando-a-mis-proyectos-creativos\/#breadcrumb\"},\"inLanguage\":\"es-PE\",\"potentialAction\":[{\"@type\":\"ReadAction\",\"target\":[\"https:\/\/www.ugocd.com\/blog\/2020\/03\/06\/regresando-a-mis-proyectos-creativos\/\"]}]},{\"@type\":\"ImageObject\",\"inLanguage\":\"es-PE\",\"@id\":\"https:\/\/www.ugocd.com\/blog\/2020\/03\/06\/regresando-a-mis-proyectos-creativos\/#primaryimage\",\"url\":\"https:\/\/www.ugocd.com\/blog\/wp-content\/uploads\/2020\/02\/regresando.png\",\"contentUrl\":\"https:\/\/www.ugocd.com\/blog\/wp-content\/uploads\/2020\/02\/regresando.png\",\"width\":910,\"height\":370,\"caption\":\"Regresando a mis proyectos creativos\"},{\"@type\":\"BreadcrumbList\",\"@id\":\"https:\/\/www.ugocd.com\/blog\/2020\/03\/06\/regresando-a-mis-proyectos-creativos\/#breadcrumb\",\"itemListElement\":[{\"@type\":\"ListItem\",\"position\":1,\"name\":\"Home\",\"item\":\"https:\/\/www.ugocd.com\/blog\/\"},{\"@type\":\"ListItem\",\"position\":2,\"name\":\"General\",\"item\":\"https:\/\/www.ugocd.com\/blog\/category\/general\/\"},{\"@type\":\"ListItem\",\"position\":3,\"name\":\"Regresando&#8230;\"}]},{\"@type\":\"WebSite\",\"@id\":\"https:\/\/www.ugocd.com\/blog\/#website\",\"url\":\"https:\/\/www.ugocd.com\/blog\/\",\"name\":\"Ugo CD Blog | Diario de un pseudoartista\",\"description\":\"Experiencias personales y de Dise\u00f1o. Escribo de todo un poco en mi Diario de un pseudoartista.\",\"publisher\":{\"@id\":\"https:\/\/www.ugocd.com\/blog\/#\/schema\/person\/90fa66a6432cc5ba1f2493479c15fa89\"},\"potentialAction\":[{\"@type\":\"SearchAction\",\"target\":{\"@type\":\"EntryPoint\",\"urlTemplate\":\"https:\/\/www.ugocd.com\/blog\/?s={search_term_string}\"},\"query-input\":{\"@type\":\"PropertyValueSpecification\",\"valueRequired\":true,\"valueName\":\"search_term_string\"}}],\"inLanguage\":\"es-PE\"},{\"@type\":[\"Person\",\"Organization\"],\"@id\":\"https:\/\/www.ugocd.com\/blog\/#\/schema\/person\/90fa66a6432cc5ba1f2493479c15fa89\",\"name\":\"Ugo CD\",\"image\":{\"@type\":\"ImageObject\",\"inLanguage\":\"es-PE\",\"@id\":\"https:\/\/www.ugocd.com\/blog\/#\/schema\/person\/image\/\",\"url\":\"https:\/\/www.ugocd.com\/blog\/wp-content\/uploads\/2023\/10\/isotype-ugocd-color-bk-primary.svg\",\"contentUrl\":\"https:\/\/www.ugocd.com\/blog\/wp-content\/uploads\/2023\/10\/isotype-ugocd-color-bk-primary.svg\",\"width\":129,\"height\":152,\"caption\":\"Ugo CD\"},\"logo\":{\"@id\":\"https:\/\/www.ugocd.com\/blog\/#\/schema\/person\/image\/\"},\"description\":\"Me llamo Ugo CD, soy dise\u00f1ador gr\u00e1fico e ilustrador egresado de la Pontificia Universidad Cat\u00f3lica del Per\u00fa con un Master en lenguas extranjeras y comercio electr\u00f3nico en la UFC de Francia, con conocimiento intermedio en programaci\u00f3n, animaci\u00f3n e ilustraci\u00f3n. Experto en imaginar situaciones poco usuales en momentos bastante comunes.\",\"sameAs\":[\"https:\/\/www.ugocd.com\"],\"url\":\"https:\/\/www.ugocd.com\/blog\/author\/ennuyer\/\"}]}<\/script>\n<!-- \/ Yoast SEO plugin. -->","yoast_head_json":{"title":"Regresando a mis proyectos creativos, mi Diario d'un pseudoartista","description":"Deje un tiempo el blog, ahora me encuentro regresando a mis proyectos creativos. En este articulo hablo sobre mis obseciones ciclicas hacia mis proyectos.","robots":{"index":"index","follow":"follow","max-snippet":"max-snippet:-1","max-image-preview":"max-image-preview:large","max-video-preview":"max-video-preview:-1"},"canonical":"https:\/\/www.ugocd.com\/blog\/2020\/03\/06\/regresando-a-mis-proyectos-creativos\/","og_locale":"es_ES","og_type":"article","og_title":"Regresando a mis proyectos creativos, mi Diario d'un pseudoartista","og_description":"Deje un tiempo el blog, ahora me encuentro regresando a mis proyectos creativos. En este articulo hablo sobre mis obseciones ciclicas hacia mis proyectos.","og_url":"https:\/\/www.ugocd.com\/blog\/2020\/03\/06\/regresando-a-mis-proyectos-creativos\/","og_site_name":"Ugo CD Blog | Diario de un pseudoartista","article_published_time":"2020-03-06T19:00:00+00:00","article_modified_time":"2020-03-05T18:40:20+00:00","og_image":[{"width":910,"height":370,"url":"https:\/\/www.ugocd.com\/blog\/wp-content\/uploads\/2020\/02\/regresando.png","type":"image\/png"}],"author":"Ugo CD","twitter_card":"summary_large_image","twitter_misc":{"Written by":"Ugo CD","Est. reading time":"4 minutos"},"schema":{"@context":"https:\/\/schema.org","@graph":[{"@type":"Article","@id":"https:\/\/www.ugocd.com\/blog\/2020\/03\/06\/regresando-a-mis-proyectos-creativos\/#article","isPartOf":{"@id":"https:\/\/www.ugocd.com\/blog\/2020\/03\/06\/regresando-a-mis-proyectos-creativos\/"},"author":{"name":"Ugo CD","@id":"https:\/\/www.ugocd.com\/blog\/#\/schema\/person\/90fa66a6432cc5ba1f2493479c15fa89"},"headline":"Regresando&#8230;","datePublished":"2020-03-06T19:00:00+00:00","dateModified":"2020-03-05T18:40:20+00:00","mainEntityOfPage":{"@id":"https:\/\/www.ugocd.com\/blog\/2020\/03\/06\/regresando-a-mis-proyectos-creativos\/"},"wordCount":737,"commentCount":1,"publisher":{"@id":"https:\/\/www.ugocd.com\/blog\/#\/schema\/person\/90fa66a6432cc5ba1f2493479c15fa89"},"image":{"@id":"https:\/\/www.ugocd.com\/blog\/2020\/03\/06\/regresando-a-mis-proyectos-creativos\/#primaryimage"},"thumbnailUrl":"https:\/\/www.ugocd.com\/blog\/wp-content\/uploads\/2020\/02\/regresando.png","keywords":["creatividad","multipotencial","proyectos creativos"],"articleSection":["General"],"inLanguage":"es-PE","potentialAction":[{"@type":"CommentAction","name":"Comment","target":["https:\/\/www.ugocd.com\/blog\/2020\/03\/06\/regresando-a-mis-proyectos-creativos\/#respond"]}]},{"@type":"WebPage","@id":"https:\/\/www.ugocd.com\/blog\/2020\/03\/06\/regresando-a-mis-proyectos-creativos\/","url":"https:\/\/www.ugocd.com\/blog\/2020\/03\/06\/regresando-a-mis-proyectos-creativos\/","name":"Regresando a mis proyectos creativos, mi Diario d'un pseudoartista","isPartOf":{"@id":"https:\/\/www.ugocd.com\/blog\/#website"},"primaryImageOfPage":{"@id":"https:\/\/www.ugocd.com\/blog\/2020\/03\/06\/regresando-a-mis-proyectos-creativos\/#primaryimage"},"image":{"@id":"https:\/\/www.ugocd.com\/blog\/2020\/03\/06\/regresando-a-mis-proyectos-creativos\/#primaryimage"},"thumbnailUrl":"https:\/\/www.ugocd.com\/blog\/wp-content\/uploads\/2020\/02\/regresando.png","datePublished":"2020-03-06T19:00:00+00:00","dateModified":"2020-03-05T18:40:20+00:00","description":"Deje un tiempo el blog, ahora me encuentro regresando a mis proyectos creativos. En este articulo hablo sobre mis obseciones ciclicas hacia mis proyectos.","breadcrumb":{"@id":"https:\/\/www.ugocd.com\/blog\/2020\/03\/06\/regresando-a-mis-proyectos-creativos\/#breadcrumb"},"inLanguage":"es-PE","potentialAction":[{"@type":"ReadAction","target":["https:\/\/www.ugocd.com\/blog\/2020\/03\/06\/regresando-a-mis-proyectos-creativos\/"]}]},{"@type":"ImageObject","inLanguage":"es-PE","@id":"https:\/\/www.ugocd.com\/blog\/2020\/03\/06\/regresando-a-mis-proyectos-creativos\/#primaryimage","url":"https:\/\/www.ugocd.com\/blog\/wp-content\/uploads\/2020\/02\/regresando.png","contentUrl":"https:\/\/www.ugocd.com\/blog\/wp-content\/uploads\/2020\/02\/regresando.png","width":910,"height":370,"caption":"Regresando a mis proyectos creativos"},{"@type":"BreadcrumbList","@id":"https:\/\/www.ugocd.com\/blog\/2020\/03\/06\/regresando-a-mis-proyectos-creativos\/#breadcrumb","itemListElement":[{"@type":"ListItem","position":1,"name":"Home","item":"https:\/\/www.ugocd.com\/blog\/"},{"@type":"ListItem","position":2,"name":"General","item":"https:\/\/www.ugocd.com\/blog\/category\/general\/"},{"@type":"ListItem","position":3,"name":"Regresando&#8230;"}]},{"@type":"WebSite","@id":"https:\/\/www.ugocd.com\/blog\/#website","url":"https:\/\/www.ugocd.com\/blog\/","name":"Ugo CD Blog | Diario de un pseudoartista","description":"Experiencias personales y de Dise\u00f1o. Escribo de todo un poco en mi Diario de un pseudoartista.","publisher":{"@id":"https:\/\/www.ugocd.com\/blog\/#\/schema\/person\/90fa66a6432cc5ba1f2493479c15fa89"},"potentialAction":[{"@type":"SearchAction","target":{"@type":"EntryPoint","urlTemplate":"https:\/\/www.ugocd.com\/blog\/?s={search_term_string}"},"query-input":{"@type":"PropertyValueSpecification","valueRequired":true,"valueName":"search_term_string"}}],"inLanguage":"es-PE"},{"@type":["Person","Organization"],"@id":"https:\/\/www.ugocd.com\/blog\/#\/schema\/person\/90fa66a6432cc5ba1f2493479c15fa89","name":"Ugo CD","image":{"@type":"ImageObject","inLanguage":"es-PE","@id":"https:\/\/www.ugocd.com\/blog\/#\/schema\/person\/image\/","url":"https:\/\/www.ugocd.com\/blog\/wp-content\/uploads\/2023\/10\/isotype-ugocd-color-bk-primary.svg","contentUrl":"https:\/\/www.ugocd.com\/blog\/wp-content\/uploads\/2023\/10\/isotype-ugocd-color-bk-primary.svg","width":129,"height":152,"caption":"Ugo CD"},"logo":{"@id":"https:\/\/www.ugocd.com\/blog\/#\/schema\/person\/image\/"},"description":"Me llamo Ugo CD, soy dise\u00f1ador gr\u00e1fico e ilustrador egresado de la Pontificia Universidad Cat\u00f3lica del Per\u00fa con un Master en lenguas extranjeras y comercio electr\u00f3nico en la UFC de Francia, con conocimiento intermedio en programaci\u00f3n, animaci\u00f3n e ilustraci\u00f3n. Experto en imaginar situaciones poco usuales en momentos bastante comunes.","sameAs":["https:\/\/www.ugocd.com"],"url":"https:\/\/www.ugocd.com\/blog\/author\/ennuyer\/"}]}},"jetpack_featured_media_url":"https:\/\/www.ugocd.com\/blog\/wp-content\/uploads\/2020\/02\/regresando.png","jetpack_shortlink":"https:\/\/wp.me\/p9iKuR-8E","jetpack_sharing_enabled":true,"_links":{"self":[{"href":"https:\/\/www.ugocd.com\/blog\/wp-json\/wp\/v2\/posts\/536","targetHints":{"allow":["GET"]}}],"collection":[{"href":"https:\/\/www.ugocd.com\/blog\/wp-json\/wp\/v2\/posts"}],"about":[{"href":"https:\/\/www.ugocd.com\/blog\/wp-json\/wp\/v2\/types\/post"}],"author":[{"embeddable":true,"href":"https:\/\/www.ugocd.com\/blog\/wp-json\/wp\/v2\/users\/1"}],"replies":[{"embeddable":true,"href":"https:\/\/www.ugocd.com\/blog\/wp-json\/wp\/v2\/comments?post=536"}],"version-history":[{"count":68,"href":"https:\/\/www.ugocd.com\/blog\/wp-json\/wp\/v2\/posts\/536\/revisions"}],"predecessor-version":[{"id":1000,"href":"https:\/\/www.ugocd.com\/blog\/wp-json\/wp\/v2\/posts\/536\/revisions\/1000"}],"wp:featuredmedia":[{"embeddable":true,"href":"https:\/\/www.ugocd.com\/blog\/wp-json\/wp\/v2\/media\/954"}],"wp:attachment":[{"href":"https:\/\/www.ugocd.com\/blog\/wp-json\/wp\/v2\/media?parent=536"}],"wp:term":[{"taxonomy":"category","embeddable":true,"href":"https:\/\/www.ugocd.com\/blog\/wp-json\/wp\/v2\/categories?post=536"},{"taxonomy":"post_tag","embeddable":true,"href":"https:\/\/www.ugocd.com\/blog\/wp-json\/wp\/v2\/tags?post=536"}],"curies":[{"name":"wp","href":"https:\/\/api.w.org\/{rel}","templated":true}]}}