{"id":893,"date":"2020-03-21T11:50:02","date_gmt":"2020-03-21T11:50:02","guid":{"rendered":"https:\/\/www.ugocd.com\/blog\/?p=893"},"modified":"2020-03-22T08:12:37","modified_gmt":"2020-03-22T08:12:37","slug":"33","status":"publish","type":"post","link":"https:\/\/www.ugocd.com\/blog\/2020\/03\/21\/33\/","title":{"rendered":"33"},"content":{"rendered":"\n<p>La edad de Cristo comienza para m\u00ed.<\/p>\n\n\n\n<p>El tiempo pasa y no en vano. Este a\u00f1o cumpl\u00ed 33 a\u00f1os y me siento mejor que en mis 23. Sin embargo debo decir que <strong>desde que tengo uso de raz\u00f3n siempre tuve temor a envejecer. <\/strong><\/p>\n\n\n\n<p>No tengo una noci\u00f3n exacta del porque. Incluso mi madre siempre cuenta una an\u00e9cdota de cuando tenia entre 6 u 7 a\u00f1os. Estabamos en Chimbote, una ciudad portuaria a 8 horas de Lima, Per\u00fa. Visitabamos a mis abuelos y pasamos a ver a una de las hermanas de mi abuela.<\/p>\n\n\n\n<p>La se\u00f1ora (bastante mayor),  afectuosa, quer\u00eda saludarme con beso en la mejilla, pero yo d\u00ed un brinco hacia atr\u00e1s dici\u00e9ndole: <em>No me beses porque me vas a pegar tu \u00abviejetud\u00bb<\/em><\/p>\n\n\n\n<p>Despu\u00e9s de ello todos rieron y me regalaron incluso un cuy. Yo incr\u00e9dulo pens\u00e9 (de eso s\u00ed me recuerdo) que llevar\u00eda al tierno roedor a Lima y lo cuidar\u00eda como mascota. La cruda realidad fue que se qued\u00f3 con mi abuela, quien me aseguro lo cuidar\u00eda, pero termino comi\u00e9ndoselo (cuy chactado probablemente).<\/p>\n\n\n\n<p>Haciendo un balance general hasta ahora en mi vida, creo que he pasado por diferentes etapas de las cu\u00e1les he aprendido much\u00edsimo. Estas me han ido formando en la persona que actualmente escribe estas l\u00edneas. S\u00e9 que me falta a\u00fan todav\u00eda (si el universo lo permite) por recorrer, pero creo voy en la direccci\u00f3n correcta. Al menos as\u00ed lo siento.<\/p>\n\n\n\n<figure class=\"wp-block-image size-large\"><img fetchpriority=\"high\" decoding=\"async\" width=\"850\" height=\"974\" src=\"https:\/\/www.ugocd.com\/blog\/wp-content\/uploads\/2020\/03\/33-pic2.png\" alt=\"\" class=\"wp-image-1167\" srcset=\"https:\/\/www.ugocd.com\/blog\/wp-content\/uploads\/2020\/03\/33-pic2.png 850w, https:\/\/www.ugocd.com\/blog\/wp-content\/uploads\/2020\/03\/33-pic2-262x300.png 262w, https:\/\/www.ugocd.com\/blog\/wp-content\/uploads\/2020\/03\/33-pic2-768x880.png 768w\" sizes=\"(max-width: 850px) 100vw, 850px\" \/><\/figure>\n\n\n\n<p>Y es que siempre he hecho las cosas de acuerdo a c\u00f3mo las siento. Me gusta pedirle consejos a las personas que m\u00e1s confianza tengo pero siempre tomo mis propias decisiones al final. Claro que tambi\u00e9n asumo las consecuencias positivas o negativas. Es algo que le digo a mi madre cuando me da un \u00abconsejo\u00bb que no va de acuerdo a lo que yo creo.<\/p>\n\n\n\n<p>Tomo mis decisiones de acuerdo a como lo sienta.<\/p>\n\n\n\n<p>Es por esta toma de decisiones que me encuentro ahora lejos de casa. Creo que nadie en mi familia pens\u00f3 <strong>que me aventurar\u00eda a irme del pa\u00eds a estudiar y luego quedarme a vivir<\/strong>. En un principio no pens\u00e9 residir mucho m\u00e1s del tiempo que hice el Master pero las cosas se van dando. Las oportunidades se van abriendo y pienso, es tonto, ir en contra de lo que uno siente.<\/p>\n\n\n\n<p>Lo que siento va ligado a mi toma de decisiones y sent\u00eda que deb\u00eda quedarme.<\/p>\n\n\n\n<p>Como mencion\u00e9 antes, cada etapa en mi vida me ha ido formando y madurando. Creo la mayor lecci\u00f3n que tengo, al hacer un recuento de mi vida hasta ahora, es ser t\u00fa mismo (suena clich\u00e9 lo s\u00e9, pero funciona) y hacer las cosas que sientas hacer. Despojarse de complejos. Tener diciplina y constancia. Ser valiente y lanzarse. Tener miedo no es malo cuando no dejas que te detenga.<\/p>\n\n\n\n<p>Es humano tener miedo. <\/p>\n\n\n\n<figure class=\"wp-block-image size-large\"><img decoding=\"async\" width=\"1000\" height=\"1333\" src=\"https:\/\/i1.wp.com\/www.ugocd.com\/blog\/wp-content\/uploads\/2020\/03\/33-pic3.png?fit=768%2C1024&amp;ssl=1\" alt=\"\" class=\"wp-image-1168\" srcset=\"https:\/\/www.ugocd.com\/blog\/wp-content\/uploads\/2020\/03\/33-pic3.png 1000w, https:\/\/www.ugocd.com\/blog\/wp-content\/uploads\/2020\/03\/33-pic3-225x300.png 225w, https:\/\/www.ugocd.com\/blog\/wp-content\/uploads\/2020\/03\/33-pic3-768x1024.png 768w\" sizes=\"(max-width: 1000px) 100vw, 1000px\" \/><\/figure>\n\n\n\n<h2 class=\"wp-block-heading\">Quiero que este a\u00f1o sea uno bueno<\/h2>\n\n\n\n<p>Recuerdo eleg\u00ed el 2015 como un a\u00f1o \u00absabatico\u00bb quer\u00eda que fuese diferente y vaya que lo fue. Fue el a\u00f1o donde <strong>renunci\u00e9 a mi trabajo por venir a estudiar en Francia<\/strong>. A partir de alli mi vida cambio. Pero no fue f\u00e1cil, todo comenz\u00f3 justamente cuando decid\u00ed hacer del 2015 un a\u00f1o diferente.<\/p>\n\n\n\n<p>A mis 27 a\u00f1os fu\u00ed a visitar a mi hermana, qui\u00e9n vivia en Francia en aquel entonces y comiendo una Paella una noche Madrile\u00f1a decid\u00ed contarle que soy gay. Ella me dijo que me amaba tal como era.<\/p>\n\n\n\n<p>No necesit\u00e9 saber m\u00e1s, era todo lo que necesitaba escuchar (y todo lo que recuerdo @-@). <\/p>\n\n\n\n<p>Mi punto con esto es que en mi vida he tomado decisiones dif\u00edciles cuando he cre\u00eddo correcto tomarlas. En ese momento lo sent\u00ed correcto. Quer\u00eda un a\u00f1o diferente a los dem\u00e1s y pienso que solo se logra actuando y tomando decisiones diferentes a las que est\u00e1s acostumbrado a tomar.<\/p>\n\n\n\n<p><strong>Eso es lo emocionante de vivir al final. Lanzarse y ver que pasa.<\/strong><\/p>\n\n\n\n<p>Este peri\u00f3do comienza distinto pues he tomado decisiones que sent\u00eda deb\u00eda tomar en este punto en mi vida. Tambi\u00e9n porque quiero que este a\u00f1o, como en el 2015, fuese diferente.<\/p>\n\n\n\n<p>Mis 33 los comienzo habiendo hablado con mis padres y algunos amigos sobre mi relaci\u00f3n de un a\u00f1o y medio con un chico franc\u00e9s el cual me hace muy feliz. \u00c9l es la pizca de felicidad que necesitaba en mi vida y me complementa de tal manera que nunca pens\u00e9 que algui\u00e9n podr\u00eda hacerlo.<\/p>\n\n\n\n<p>Para m\u00ed esta edad es un renacer, renacer de mis sue\u00f1os, de mis objetivos, de mis proyectos. Quiero hacer nuevas cosas y tengo un hambre inmeso por aprender y aun experimentar. Si me equivoco pues aprender\u00e9 y me tomar\u00e9 la vida menos seriamente.<\/p>\n\n\n\n<p>Eso s\u00ed le doy m\u00e1s duro a estudiar y aprender compr\u00e1ndome libros, pagando cursos online y membresias en Medium, etc.<\/p>\n\n\n\n<p>Al menos esos son mis prop\u00f3sitos, sobrepensar menos y reencontrar mi espontaniedad .<\/p>\n\n\n\n<p>Conmigo ser\u00e1 hasta un pr\u00f3ximo blog,<\/p>\n\n\n\n<p>\u00c0 bient\u00f4t,<\/p>\n\n\n\n<p><strong>Ugo CD<\/strong><br><a href=\"https:\/\/www.ugocd.com\/\">Dise\u00f1ador gr\u00e1fico freelance<\/a><\/p>\n","protected":false},"excerpt":{"rendered":"<p>La edad de Cristo comienza para m\u00ed. El tiempo pasa y no en vano. Este a\u00f1o cumpl\u00ed 33 a\u00f1os y me siento mejor que en mis 23. Sin embargo debo decir que desde que tengo uso de raz\u00f3n siempre tuve temor a envejecer. No tengo una noci\u00f3n exacta del porque. Incluso mi madre siempre cuenta [&hellip;]<\/p>\n","protected":false},"author":1,"featured_media":1169,"comment_status":"open","ping_status":"closed","sticky":false,"template":"","format":"standard","meta":{"jetpack_post_was_ever_published":false,"_jetpack_newsletter_access":"","_jetpack_dont_email_post_to_subs":false,"_jetpack_newsletter_tier_id":0,"_jetpack_memberships_contains_paywalled_content":false,"_jetpack_memberships_contains_paid_content":false,"footnotes":""},"categories":[1],"tags":[77],"class_list":["post-893","post","type-post","status-publish","format-standard","has-post-thumbnail","hentry","category-general","tag-reflexiones"],"yoast_head":"<!-- This site is optimized with the Yoast SEO plugin v24.2 - https:\/\/yoast.com\/wordpress\/plugins\/seo\/ -->\n<title>33<\/title>\n<meta name=\"description\" content=\"La edad es s\u00f3lo un n\u00famero, este a\u00f1o cumpl\u00ed 33 a\u00f1os, y siento que es un renacer personal. Estoy mejor que en mis 23 y en este art\u00edculo les cuento el porqu\u00e9.\" \/>\n<meta name=\"robots\" content=\"index, follow, max-snippet:-1, max-image-preview:large, max-video-preview:-1\" \/>\n<link rel=\"canonical\" href=\"https:\/\/www.ugocd.com\/blog\/2020\/03\/21\/33\/\" \/>\n<meta property=\"og:locale\" content=\"es_ES\" \/>\n<meta property=\"og:type\" content=\"article\" \/>\n<meta property=\"og:title\" content=\"33\" \/>\n<meta property=\"og:description\" content=\"La edad es s\u00f3lo un n\u00famero, este a\u00f1o cumpl\u00ed 33 a\u00f1os, y siento que es un renacer personal. Estoy mejor que en mis 23 y en este art\u00edculo les cuento el porqu\u00e9.\" \/>\n<meta property=\"og:url\" content=\"https:\/\/www.ugocd.com\/blog\/2020\/03\/21\/33\/\" \/>\n<meta property=\"og:site_name\" content=\"Ugo CD Blog | Diario de un pseudoartista\" \/>\n<meta property=\"article:published_time\" content=\"2020-03-21T11:50:02+00:00\" \/>\n<meta property=\"article:modified_time\" content=\"2020-03-22T08:12:37+00:00\" \/>\n<meta property=\"og:image\" content=\"https:\/\/www.ugocd.com\/blog\/wp-content\/uploads\/2020\/03\/33.png\" \/>\n\t<meta property=\"og:image:width\" content=\"1100\" \/>\n\t<meta property=\"og:image:height\" content=\"447\" \/>\n\t<meta property=\"og:image:type\" content=\"image\/png\" \/>\n<meta name=\"author\" content=\"Ugo CD\" \/>\n<meta name=\"twitter:card\" content=\"summary_large_image\" \/>\n<meta name=\"twitter:label1\" content=\"Written by\" \/>\n\t<meta name=\"twitter:data1\" content=\"Ugo CD\" \/>\n\t<meta name=\"twitter:label2\" content=\"Est. reading time\" \/>\n\t<meta name=\"twitter:data2\" content=\"4 minutos\" \/>\n<script type=\"application\/ld+json\" class=\"yoast-schema-graph\">{\"@context\":\"https:\/\/schema.org\",\"@graph\":[{\"@type\":\"Article\",\"@id\":\"https:\/\/www.ugocd.com\/blog\/2020\/03\/21\/33\/#article\",\"isPartOf\":{\"@id\":\"https:\/\/www.ugocd.com\/blog\/2020\/03\/21\/33\/\"},\"author\":{\"name\":\"Ugo CD\",\"@id\":\"https:\/\/www.ugocd.com\/blog\/#\/schema\/person\/90fa66a6432cc5ba1f2493479c15fa89\"},\"headline\":\"33\",\"datePublished\":\"2020-03-21T11:50:02+00:00\",\"dateModified\":\"2020-03-22T08:12:37+00:00\",\"mainEntityOfPage\":{\"@id\":\"https:\/\/www.ugocd.com\/blog\/2020\/03\/21\/33\/\"},\"wordCount\":869,\"commentCount\":0,\"publisher\":{\"@id\":\"https:\/\/www.ugocd.com\/blog\/#\/schema\/person\/90fa66a6432cc5ba1f2493479c15fa89\"},\"image\":{\"@id\":\"https:\/\/www.ugocd.com\/blog\/2020\/03\/21\/33\/#primaryimage\"},\"thumbnailUrl\":\"https:\/\/www.ugocd.com\/blog\/wp-content\/uploads\/2020\/03\/33.png\",\"keywords\":[\"reflexiones\"],\"articleSection\":[\"General\"],\"inLanguage\":\"es-PE\",\"potentialAction\":[{\"@type\":\"CommentAction\",\"name\":\"Comment\",\"target\":[\"https:\/\/www.ugocd.com\/blog\/2020\/03\/21\/33\/#respond\"]}]},{\"@type\":\"WebPage\",\"@id\":\"https:\/\/www.ugocd.com\/blog\/2020\/03\/21\/33\/\",\"url\":\"https:\/\/www.ugocd.com\/blog\/2020\/03\/21\/33\/\",\"name\":\"33\",\"isPartOf\":{\"@id\":\"https:\/\/www.ugocd.com\/blog\/#website\"},\"primaryImageOfPage\":{\"@id\":\"https:\/\/www.ugocd.com\/blog\/2020\/03\/21\/33\/#primaryimage\"},\"image\":{\"@id\":\"https:\/\/www.ugocd.com\/blog\/2020\/03\/21\/33\/#primaryimage\"},\"thumbnailUrl\":\"https:\/\/www.ugocd.com\/blog\/wp-content\/uploads\/2020\/03\/33.png\",\"datePublished\":\"2020-03-21T11:50:02+00:00\",\"dateModified\":\"2020-03-22T08:12:37+00:00\",\"description\":\"La edad es s\u00f3lo un n\u00famero, este a\u00f1o cumpl\u00ed 33 a\u00f1os, y siento que es un renacer personal. Estoy mejor que en mis 23 y en este art\u00edculo les cuento el porqu\u00e9.\",\"breadcrumb\":{\"@id\":\"https:\/\/www.ugocd.com\/blog\/2020\/03\/21\/33\/#breadcrumb\"},\"inLanguage\":\"es-PE\",\"potentialAction\":[{\"@type\":\"ReadAction\",\"target\":[\"https:\/\/www.ugocd.com\/blog\/2020\/03\/21\/33\/\"]}]},{\"@type\":\"ImageObject\",\"inLanguage\":\"es-PE\",\"@id\":\"https:\/\/www.ugocd.com\/blog\/2020\/03\/21\/33\/#primaryimage\",\"url\":\"https:\/\/www.ugocd.com\/blog\/wp-content\/uploads\/2020\/03\/33.png\",\"contentUrl\":\"https:\/\/www.ugocd.com\/blog\/wp-content\/uploads\/2020\/03\/33.png\",\"width\":1100,\"height\":447,\"caption\":\"33\"},{\"@type\":\"BreadcrumbList\",\"@id\":\"https:\/\/www.ugocd.com\/blog\/2020\/03\/21\/33\/#breadcrumb\",\"itemListElement\":[{\"@type\":\"ListItem\",\"position\":1,\"name\":\"Home\",\"item\":\"https:\/\/www.ugocd.com\/blog\/\"},{\"@type\":\"ListItem\",\"position\":2,\"name\":\"General\",\"item\":\"https:\/\/www.ugocd.com\/blog\/category\/general\/\"},{\"@type\":\"ListItem\",\"position\":3,\"name\":\"33\"}]},{\"@type\":\"WebSite\",\"@id\":\"https:\/\/www.ugocd.com\/blog\/#website\",\"url\":\"https:\/\/www.ugocd.com\/blog\/\",\"name\":\"Ugo CD Blog | Diario de un pseudoartista\",\"description\":\"Experiencias personales y de Dise\u00f1o. Escribo de todo un poco en mi Diario de un pseudoartista.\",\"publisher\":{\"@id\":\"https:\/\/www.ugocd.com\/blog\/#\/schema\/person\/90fa66a6432cc5ba1f2493479c15fa89\"},\"potentialAction\":[{\"@type\":\"SearchAction\",\"target\":{\"@type\":\"EntryPoint\",\"urlTemplate\":\"https:\/\/www.ugocd.com\/blog\/?s={search_term_string}\"},\"query-input\":{\"@type\":\"PropertyValueSpecification\",\"valueRequired\":true,\"valueName\":\"search_term_string\"}}],\"inLanguage\":\"es-PE\"},{\"@type\":[\"Person\",\"Organization\"],\"@id\":\"https:\/\/www.ugocd.com\/blog\/#\/schema\/person\/90fa66a6432cc5ba1f2493479c15fa89\",\"name\":\"Ugo CD\",\"image\":{\"@type\":\"ImageObject\",\"inLanguage\":\"es-PE\",\"@id\":\"https:\/\/www.ugocd.com\/blog\/#\/schema\/person\/image\/\",\"url\":\"https:\/\/www.ugocd.com\/blog\/wp-content\/uploads\/2023\/10\/isotype-ugocd-color-bk-primary.svg\",\"contentUrl\":\"https:\/\/www.ugocd.com\/blog\/wp-content\/uploads\/2023\/10\/isotype-ugocd-color-bk-primary.svg\",\"width\":129,\"height\":152,\"caption\":\"Ugo CD\"},\"logo\":{\"@id\":\"https:\/\/www.ugocd.com\/blog\/#\/schema\/person\/image\/\"},\"description\":\"Me llamo Ugo CD, soy dise\u00f1ador gr\u00e1fico e ilustrador egresado de la Pontificia Universidad Cat\u00f3lica del Per\u00fa con un Master en lenguas extranjeras y comercio electr\u00f3nico en la UFC de Francia, con conocimiento intermedio en programaci\u00f3n, animaci\u00f3n e ilustraci\u00f3n. Experto en imaginar situaciones poco usuales en momentos bastante comunes.\",\"sameAs\":[\"https:\/\/www.ugocd.com\"],\"url\":\"https:\/\/www.ugocd.com\/blog\/author\/ennuyer\/\"}]}<\/script>\n<!-- \/ Yoast SEO plugin. -->","yoast_head_json":{"title":"33","description":"La edad es s\u00f3lo un n\u00famero, este a\u00f1o cumpl\u00ed 33 a\u00f1os, y siento que es un renacer personal. Estoy mejor que en mis 23 y en este art\u00edculo les cuento el porqu\u00e9.","robots":{"index":"index","follow":"follow","max-snippet":"max-snippet:-1","max-image-preview":"max-image-preview:large","max-video-preview":"max-video-preview:-1"},"canonical":"https:\/\/www.ugocd.com\/blog\/2020\/03\/21\/33\/","og_locale":"es_ES","og_type":"article","og_title":"33","og_description":"La edad es s\u00f3lo un n\u00famero, este a\u00f1o cumpl\u00ed 33 a\u00f1os, y siento que es un renacer personal. Estoy mejor que en mis 23 y en este art\u00edculo les cuento el porqu\u00e9.","og_url":"https:\/\/www.ugocd.com\/blog\/2020\/03\/21\/33\/","og_site_name":"Ugo CD Blog | Diario de un pseudoartista","article_published_time":"2020-03-21T11:50:02+00:00","article_modified_time":"2020-03-22T08:12:37+00:00","og_image":[{"width":1100,"height":447,"url":"https:\/\/www.ugocd.com\/blog\/wp-content\/uploads\/2020\/03\/33.png","type":"image\/png"}],"author":"Ugo CD","twitter_card":"summary_large_image","twitter_misc":{"Written by":"Ugo CD","Est. reading time":"4 minutos"},"schema":{"@context":"https:\/\/schema.org","@graph":[{"@type":"Article","@id":"https:\/\/www.ugocd.com\/blog\/2020\/03\/21\/33\/#article","isPartOf":{"@id":"https:\/\/www.ugocd.com\/blog\/2020\/03\/21\/33\/"},"author":{"name":"Ugo CD","@id":"https:\/\/www.ugocd.com\/blog\/#\/schema\/person\/90fa66a6432cc5ba1f2493479c15fa89"},"headline":"33","datePublished":"2020-03-21T11:50:02+00:00","dateModified":"2020-03-22T08:12:37+00:00","mainEntityOfPage":{"@id":"https:\/\/www.ugocd.com\/blog\/2020\/03\/21\/33\/"},"wordCount":869,"commentCount":0,"publisher":{"@id":"https:\/\/www.ugocd.com\/blog\/#\/schema\/person\/90fa66a6432cc5ba1f2493479c15fa89"},"image":{"@id":"https:\/\/www.ugocd.com\/blog\/2020\/03\/21\/33\/#primaryimage"},"thumbnailUrl":"https:\/\/www.ugocd.com\/blog\/wp-content\/uploads\/2020\/03\/33.png","keywords":["reflexiones"],"articleSection":["General"],"inLanguage":"es-PE","potentialAction":[{"@type":"CommentAction","name":"Comment","target":["https:\/\/www.ugocd.com\/blog\/2020\/03\/21\/33\/#respond"]}]},{"@type":"WebPage","@id":"https:\/\/www.ugocd.com\/blog\/2020\/03\/21\/33\/","url":"https:\/\/www.ugocd.com\/blog\/2020\/03\/21\/33\/","name":"33","isPartOf":{"@id":"https:\/\/www.ugocd.com\/blog\/#website"},"primaryImageOfPage":{"@id":"https:\/\/www.ugocd.com\/blog\/2020\/03\/21\/33\/#primaryimage"},"image":{"@id":"https:\/\/www.ugocd.com\/blog\/2020\/03\/21\/33\/#primaryimage"},"thumbnailUrl":"https:\/\/www.ugocd.com\/blog\/wp-content\/uploads\/2020\/03\/33.png","datePublished":"2020-03-21T11:50:02+00:00","dateModified":"2020-03-22T08:12:37+00:00","description":"La edad es s\u00f3lo un n\u00famero, este a\u00f1o cumpl\u00ed 33 a\u00f1os, y siento que es un renacer personal. Estoy mejor que en mis 23 y en este art\u00edculo les cuento el porqu\u00e9.","breadcrumb":{"@id":"https:\/\/www.ugocd.com\/blog\/2020\/03\/21\/33\/#breadcrumb"},"inLanguage":"es-PE","potentialAction":[{"@type":"ReadAction","target":["https:\/\/www.ugocd.com\/blog\/2020\/03\/21\/33\/"]}]},{"@type":"ImageObject","inLanguage":"es-PE","@id":"https:\/\/www.ugocd.com\/blog\/2020\/03\/21\/33\/#primaryimage","url":"https:\/\/www.ugocd.com\/blog\/wp-content\/uploads\/2020\/03\/33.png","contentUrl":"https:\/\/www.ugocd.com\/blog\/wp-content\/uploads\/2020\/03\/33.png","width":1100,"height":447,"caption":"33"},{"@type":"BreadcrumbList","@id":"https:\/\/www.ugocd.com\/blog\/2020\/03\/21\/33\/#breadcrumb","itemListElement":[{"@type":"ListItem","position":1,"name":"Home","item":"https:\/\/www.ugocd.com\/blog\/"},{"@type":"ListItem","position":2,"name":"General","item":"https:\/\/www.ugocd.com\/blog\/category\/general\/"},{"@type":"ListItem","position":3,"name":"33"}]},{"@type":"WebSite","@id":"https:\/\/www.ugocd.com\/blog\/#website","url":"https:\/\/www.ugocd.com\/blog\/","name":"Ugo CD Blog | Diario de un pseudoartista","description":"Experiencias personales y de Dise\u00f1o. Escribo de todo un poco en mi Diario de un pseudoartista.","publisher":{"@id":"https:\/\/www.ugocd.com\/blog\/#\/schema\/person\/90fa66a6432cc5ba1f2493479c15fa89"},"potentialAction":[{"@type":"SearchAction","target":{"@type":"EntryPoint","urlTemplate":"https:\/\/www.ugocd.com\/blog\/?s={search_term_string}"},"query-input":{"@type":"PropertyValueSpecification","valueRequired":true,"valueName":"search_term_string"}}],"inLanguage":"es-PE"},{"@type":["Person","Organization"],"@id":"https:\/\/www.ugocd.com\/blog\/#\/schema\/person\/90fa66a6432cc5ba1f2493479c15fa89","name":"Ugo CD","image":{"@type":"ImageObject","inLanguage":"es-PE","@id":"https:\/\/www.ugocd.com\/blog\/#\/schema\/person\/image\/","url":"https:\/\/www.ugocd.com\/blog\/wp-content\/uploads\/2023\/10\/isotype-ugocd-color-bk-primary.svg","contentUrl":"https:\/\/www.ugocd.com\/blog\/wp-content\/uploads\/2023\/10\/isotype-ugocd-color-bk-primary.svg","width":129,"height":152,"caption":"Ugo CD"},"logo":{"@id":"https:\/\/www.ugocd.com\/blog\/#\/schema\/person\/image\/"},"description":"Me llamo Ugo CD, soy dise\u00f1ador gr\u00e1fico e ilustrador egresado de la Pontificia Universidad Cat\u00f3lica del Per\u00fa con un Master en lenguas extranjeras y comercio electr\u00f3nico en la UFC de Francia, con conocimiento intermedio en programaci\u00f3n, animaci\u00f3n e ilustraci\u00f3n. Experto en imaginar situaciones poco usuales en momentos bastante comunes.","sameAs":["https:\/\/www.ugocd.com"],"url":"https:\/\/www.ugocd.com\/blog\/author\/ennuyer\/"}]}},"jetpack_featured_media_url":"https:\/\/www.ugocd.com\/blog\/wp-content\/uploads\/2020\/03\/33.png","jetpack_shortlink":"https:\/\/wp.me\/s9iKuR-33","jetpack_sharing_enabled":true,"_links":{"self":[{"href":"https:\/\/www.ugocd.com\/blog\/wp-json\/wp\/v2\/posts\/893","targetHints":{"allow":["GET"]}}],"collection":[{"href":"https:\/\/www.ugocd.com\/blog\/wp-json\/wp\/v2\/posts"}],"about":[{"href":"https:\/\/www.ugocd.com\/blog\/wp-json\/wp\/v2\/types\/post"}],"author":[{"embeddable":true,"href":"https:\/\/www.ugocd.com\/blog\/wp-json\/wp\/v2\/users\/1"}],"replies":[{"embeddable":true,"href":"https:\/\/www.ugocd.com\/blog\/wp-json\/wp\/v2\/comments?post=893"}],"version-history":[{"count":28,"href":"https:\/\/www.ugocd.com\/blog\/wp-json\/wp\/v2\/posts\/893\/revisions"}],"predecessor-version":[{"id":1172,"href":"https:\/\/www.ugocd.com\/blog\/wp-json\/wp\/v2\/posts\/893\/revisions\/1172"}],"wp:featuredmedia":[{"embeddable":true,"href":"https:\/\/www.ugocd.com\/blog\/wp-json\/wp\/v2\/media\/1169"}],"wp:attachment":[{"href":"https:\/\/www.ugocd.com\/blog\/wp-json\/wp\/v2\/media?parent=893"}],"wp:term":[{"taxonomy":"category","embeddable":true,"href":"https:\/\/www.ugocd.com\/blog\/wp-json\/wp\/v2\/categories?post=893"},{"taxonomy":"post_tag","embeddable":true,"href":"https:\/\/www.ugocd.com\/blog\/wp-json\/wp\/v2\/tags?post=893"}],"curies":[{"name":"wp","href":"https:\/\/api.w.org\/{rel}","templated":true}]}}